{"id":36320,"date":"2018-01-04T12:04:14","date_gmt":"2018-01-04T15:04:14","guid":{"rendered":"http:\/\/caririemacao.com\/1\/?p=36320"},"modified":"2018-01-04T12:04:14","modified_gmt":"2018-01-04T15:04:14","slug":"juventus-e-bi-campeao-do-campeonato-umbuzeirense-de-futebol","status":"publish","type":"post","link":"https:\/\/www.caririemacao.com\/1\/2018\/01\/04\/juventus-e-bi-campeao-do-campeonato-umbuzeirense-de-futebol\/","title":{"rendered":"Juventus \u00e9 bi-campe\u00e3o do Campeonato Umbuzeirense de Futebol"},"content":{"rendered":"<p style=\"font-weight: 400;\">No \u00faltimo s\u00e1bado 30 de dezembro, em S\u00e3o Sebasti\u00e3o do Umbuzeiro, a equipe do Juventus sagrou-se Bi-campe\u00e3 do Campeonato Umbuzeirense de Futebol de campo 2017, ao vencer o time do Ajax por 2 a 0, a partida final foi realizada no Est\u00e1dio Municipal o Pereir\u00e3o. O campeonato foi promovido pela Prefeitura Municipal atrav\u00e9s da Diretoria de Esportes.<\/p>\n<p style=\"font-weight: 400;\">Foi um duelo de gigantes! Assim pode ser definida a partida final, as duas equipes se enfrentaram em alto n\u00edvel, o time do Ajax fez a melhor campanha de toda a competi\u00e7\u00e3o, mais na final n\u00e3o se achou em campo e perdeu o duelo para seu rival o Juventus.<\/p>\n<p style=\"font-weight: 400;\">No primeiro tempo o time do Juventus entrou em campo agressivo e determinado, sempre em busca do placar que veio aos 27 minutos 1 x 0, a equipe do Ajax em seguida amea\u00e7ou o empate que ficou s\u00f3 nisso.<\/p>\n<p style=\"font-weight: 400;\">O Juventus determinante e j\u00e1 com a m\u00e3o na ta\u00e7a partiu para cima do umbuzeirense, em uma bela jogada na entrada, o meio campista Everson fez um bel\u00edssimo gol liquidando a partida em 2 X 0.<\/p>\n<p style=\"font-weight: 400;\">O prefeito Adriano Wolff, parabenizou as equipes pelo belo campeonato em 2017. E disse que o ano foi positivo para o esporte no munic\u00edpio e que 2018 novos projetos e muitas novidades dever\u00e3o acontecer em S\u00e3o Sebasti\u00e3o do Umbuzeiro.<\/p>\n<p style=\"font-weight: 400;\"><a href=\"http:\/\/caririemacao.com\/1\/wp-content\/uploads\/2018\/01\/DSC05010.jpg\"><img fetchpriority=\"high\" decoding=\"async\" class=\"aligncenter wp-image-36321 size-full\" src=\"http:\/\/caririemacao.com\/1\/wp-content\/uploads\/2018\/01\/DSC05010.jpg\" alt=\"\" width=\"800\" height=\"533\" srcset=\"https:\/\/www.caririemacao.com\/1\/wp-content\/uploads\/2018\/01\/DSC05010.jpg 800w, https:\/\/www.caririemacao.com\/1\/wp-content\/uploads\/2018\/01\/DSC05010-300x200.jpg 300w, https:\/\/www.caririemacao.com\/1\/wp-content\/uploads\/2018\/01\/DSC05010-768x512.jpg 768w\" sizes=\"(max-width: 800px) 100vw, 800px\" \/><\/a><\/p>\n<p style=\"font-weight: 400;\">A premia\u00e7\u00e3o foi realizada no Umbuzeiro Parque, onde houve um Show com a Banda de Forr\u00f3 Farra Mil, houve medalhas para todos os jogadores que participaram da competi\u00e7\u00e3o, al\u00e9m de trof\u00e9us, para o campe\u00e3o da edi\u00e7\u00e3o 2017, que recebeu o valor de R$ 1.600,00. J\u00e1 o vice-campe\u00e3o ficou com a import\u00e2ncia de R$ 1.200,00, terceiro colocado com R$ 900,00 e o quarto colocado R$ 700,00 reais.<\/p>\n<p><strong>CARIRI EM A\u00c7\u00c3O<\/strong><\/p>\n<p><em>Com Blog do Didi\/Foto: Divulga\u00e7\u00e3o \u00a0<\/em><\/p>\n<p><strong>Leia mais not\u00edcias em\u00a0<\/strong><a href=\"http:\/\/www.caririemacao.com\/\"><strong>caririemacao.com<\/strong><\/a><strong>, siga nossa p\u00e1gina no\u00a0<\/strong><a href=\"https:\/\/www.facebook.com\/CaririEmAcao\/?ref=aymt_homepage_panel\"><strong>Facebook<\/strong><\/a>,<strong>\u00a0<\/strong><a href=\"https:\/\/www.instagram.com\/cariri_em_acao\/?hl=pt-br\"><strong>Instagram<\/strong><\/a><strong>\u00a0e <\/strong><a href=\"https:\/\/www.youtube.com\/channel\/UCAptA0jQuYQy8vMhLt2m4qg\"><strong>Youtube<\/strong><\/a><strong>\u00a0e veja nossas mat\u00e9rias, v\u00eddeos e fotos. Voc\u00ea tamb\u00e9m pode enviar informa\u00e7\u00f5es \u00e0 Reda\u00e7\u00e3o do Portal Cariri em A\u00e7\u00e3o pelo WhatsApp (83) 9 9634.5791, (83) 9 9601-1162.<\/strong><\/p>\n","protected":false},"excerpt":{"rendered":"<p>No \u00faltimo s\u00e1bado 30 de dezembro, em S\u00e3o Sebasti\u00e3o do Umbuzeiro, a equipe do Juventus sagrou-se Bi-campe\u00e3 do Campeonato Umbuzeirense de Futebol de campo 2017,&hellip; <\/p>\n","protected":false},"author":2,"featured_media":36322,"comment_status":"closed","ping_status":"closed","sticky":false,"template":"","format":"standard","meta":{"sfsi_plus_gutenberg_text_before_share":"","sfsi_plus_gutenberg_show_text_before_share":"","sfsi_plus_gutenberg_icon_type":"","sfsi_plus_gutenberg_icon_alignemt":"","sfsi_plus_gutenburg_max_per_row":"","footnotes":""},"categories":[13],"tags":[],"class_list":["post-36320","post","type-post","status-publish","format-standard","has-post-thumbnail","hentry","category-esportes"],"_links":{"self":[{"href":"https:\/\/www.caririemacao.com\/1\/wp-json\/wp\/v2\/posts\/36320","targetHints":{"allow":["GET"]}}],"collection":[{"href":"https:\/\/www.caririemacao.com\/1\/wp-json\/wp\/v2\/posts"}],"about":[{"href":"https:\/\/www.caririemacao.com\/1\/wp-json\/wp\/v2\/types\/post"}],"author":[{"embeddable":true,"href":"https:\/\/www.caririemacao.com\/1\/wp-json\/wp\/v2\/users\/2"}],"replies":[{"embeddable":true,"href":"https:\/\/www.caririemacao.com\/1\/wp-json\/wp\/v2\/comments?post=36320"}],"version-history":[{"count":0,"href":"https:\/\/www.caririemacao.com\/1\/wp-json\/wp\/v2\/posts\/36320\/revisions"}],"wp:featuredmedia":[{"embeddable":true,"href":"https:\/\/www.caririemacao.com\/1\/wp-json\/wp\/v2\/media\/36322"}],"wp:attachment":[{"href":"https:\/\/www.caririemacao.com\/1\/wp-json\/wp\/v2\/media?parent=36320"}],"wp:term":[{"taxonomy":"category","embeddable":true,"href":"https:\/\/www.caririemacao.com\/1\/wp-json\/wp\/v2\/categories?post=36320"},{"taxonomy":"post_tag","embeddable":true,"href":"https:\/\/www.caririemacao.com\/1\/wp-json\/wp\/v2\/tags?post=36320"}],"curies":[{"name":"wp","href":"https:\/\/api.w.org\/{rel}","templated":true}]}}