{"id":36330,"date":"2018-01-04T18:54:36","date_gmt":"2018-01-04T21:54:36","guid":{"rendered":"http:\/\/caririemacao.com\/1\/?p=36330"},"modified":"2018-01-04T18:54:36","modified_gmt":"2018-01-04T21:54:36","slug":"prefeitura-de-amparo-divulga-a-programacao-oficial-da-festa-de-sao-sebastiao-2018","status":"publish","type":"post","link":"https:\/\/www.caririemacao.com\/1\/2018\/01\/04\/prefeitura-de-amparo-divulga-a-programacao-oficial-da-festa-de-sao-sebastiao-2018\/","title":{"rendered":"Prefeitura de Amparo divulga a programa\u00e7\u00e3o oficial da Festa de S\u00e3o Sebasti\u00e3o 2018"},"content":{"rendered":"<p>A Prefeitura Municipal de Amparo divulgou a programa\u00e7\u00e3o oficial da Festa de Padroeiro S\u00e3o Sebasti\u00e3o 2018. Os festejos ter\u00e3o inicio no dia 12 e se estendem at\u00e9 o dia 21 com o encerramento. A programa\u00e7\u00e3o Social ter\u00e1 como grande atra\u00e7\u00e3o, Santana o Cantador.<\/p>\n<p><strong>Confiram a Programa\u00e7\u00e3o Social:<\/strong><\/p>\n<p><strong>19\/01 \u2013 Shows em Pra\u00e7a Publica:<\/strong><\/p>\n<p>Artistas da Terra; Banda Forroz\u00e3o das Antigas; Bedeu Quirino.<\/p>\n<p><strong>20\/01 \u2013 Shows em Pra\u00e7a Publica:<\/strong><\/p>\n<p>Genildo e Ginaldo; Forr\u00f3 Levado; Santana o Cantador.<\/p>\n<p><strong><em>Confiram agora a Programa\u00e7\u00e3o Religiosa oficial da Fest<\/em><\/strong>a:<\/p>\n<p><strong>12\/01 \u2013 Noite Dedicada \u00e0s Fam\u00edlias:<\/strong><\/p>\n<p>17h30min \u2013 Celebra\u00e7\u00e3o Eucar\u00edstica;<\/p>\n<p>19h00min \u2013 Jantar com as Fam\u00edlias;<\/p>\n<p><strong>13\/01 \u2013 Noite dos Vaqueiros:<\/strong><\/p>\n<p>17h30min \u2013 Celebra\u00e7\u00e3o Eucar\u00edstica;<\/p>\n<p>18h00min \u2013 Cavalgada, em seguida Missa no Parque Santa Ana.<\/p>\n<p><strong>14\/01 \u2013 Noite dedicada a Juventude:<\/strong><\/p>\n<p>19h00min \u2013 Celebra\u00e7\u00e3o Eucar\u00edstica.<\/p>\n<p><strong>15\/01 \u2013 Noite dedicada aos Poderes Executivo e Legislativo e aos Comerciantes:<\/strong><\/p>\n<p>19h00min \u2013 Celebra\u00e7\u00e3o Eucar\u00edstica.<\/p>\n<p><strong>16\/01 \u2013 Noite da Cura e liberta\u00e7\u00e3o:<\/strong><\/p>\n<p>19h00min \u2013 Celebra\u00e7\u00e3o Eucar\u00edstica.<\/p>\n<p><strong>17\/01 \u2013 Noite dedicada \u00e0s Crian\u00e7as:<\/strong><\/p>\n<p>19h00min \u2013 Celebra\u00e7\u00e3o Eucar\u00edstica.<\/p>\n<p><strong>18\/01 \u2013 Noite dedicada aos Dizimistas:<\/strong><\/p>\n<p>19h00min \u2013 Celebra\u00e7\u00e3o Eucar\u00edstica.<\/p>\n<p><strong>19\/01 \u2013 Noite dedicada aos Motoristas e Motociclistas<\/strong>:<\/p>\n<p>19h00min \u2013 Celebra\u00e7\u00e3o Eucar\u00edstica.<\/p>\n<p><strong>20\/01 \u2013 Noite Dedicada as Comunidades Rurais:<\/strong><\/p>\n<p>19h00min \u2013 Celebra\u00e7\u00e3o Eucar\u00edstica.<\/p>\n<p>&nbsp;<\/p>\n<p>21\/01 \u2013 Encerramento com Missa e Prociss\u00e3o a partir das 16h00min.<\/p>\n<p><strong>CARIRI EM A\u00c7\u00c3O<\/strong><\/p>\n<p><em>Com Amparo Ligado \/Foto: Reprodu\u00e7\u00e3o <\/em><\/p>\n<p><strong>Leia mais not\u00edcias em\u00a0<\/strong><a href=\"http:\/\/www.caririemacao.com\/\"><strong>caririemacao.com<\/strong><\/a><strong>, siga nossa p\u00e1gina no\u00a0<\/strong><a href=\"https:\/\/www.facebook.com\/CaririEmAcao\/?ref=aymt_homepage_panel\"><strong>Facebook<\/strong><\/a>,<strong>\u00a0<\/strong><a href=\"https:\/\/www.instagram.com\/cariri_em_acao\/?hl=pt-br\"><strong>Instagram<\/strong><\/a><strong>\u00a0e <\/strong><a href=\"https:\/\/www.youtube.com\/channel\/UCAptA0jQuYQy8vMhLt2m4qg\"><strong>Youtube<\/strong><\/a><strong>\u00a0e veja nossas mat\u00e9rias, v\u00eddeos e fotos. Voc\u00ea tamb\u00e9m pode enviar informa\u00e7\u00f5es \u00e0 Reda\u00e7\u00e3o do Portal Cariri em A\u00e7\u00e3o pelo WhatsApp (83) 9 9634.5791, (83) 9 9601-1162.<\/strong><\/p>\n","protected":false},"excerpt":{"rendered":"<p>A Prefeitura Municipal de Amparo divulgou a programa\u00e7\u00e3o oficial da Festa de Padroeiro S\u00e3o Sebasti\u00e3o 2018. Os festejos ter\u00e3o inicio no dia 12 e se&hellip; <\/p>\n","protected":false},"author":2,"featured_media":27427,"comment_status":"closed","ping_status":"closed","sticky":false,"template":"","format":"standard","meta":{"sfsi_plus_gutenberg_text_before_share":"","sfsi_plus_gutenberg_show_text_before_share":"","sfsi_plus_gutenberg_icon_type":"","sfsi_plus_gutenberg_icon_alignemt":"","sfsi_plus_gutenburg_max_per_row":"","footnotes":""},"categories":[6],"tags":[],"class_list":["post-36330","post","type-post","status-publish","format-standard","has-post-thumbnail","hentry","category-cidades"],"_links":{"self":[{"href":"https:\/\/www.caririemacao.com\/1\/wp-json\/wp\/v2\/posts\/36330","targetHints":{"allow":["GET"]}}],"collection":[{"href":"https:\/\/www.caririemacao.com\/1\/wp-json\/wp\/v2\/posts"}],"about":[{"href":"https:\/\/www.caririemacao.com\/1\/wp-json\/wp\/v2\/types\/post"}],"author":[{"embeddable":true,"href":"https:\/\/www.caririemacao.com\/1\/wp-json\/wp\/v2\/users\/2"}],"replies":[{"embeddable":true,"href":"https:\/\/www.caririemacao.com\/1\/wp-json\/wp\/v2\/comments?post=36330"}],"version-history":[{"count":0,"href":"https:\/\/www.caririemacao.com\/1\/wp-json\/wp\/v2\/posts\/36330\/revisions"}],"wp:featuredmedia":[{"embeddable":true,"href":"https:\/\/www.caririemacao.com\/1\/wp-json\/wp\/v2\/media\/27427"}],"wp:attachment":[{"href":"https:\/\/www.caririemacao.com\/1\/wp-json\/wp\/v2\/media?parent=36330"}],"wp:term":[{"taxonomy":"category","embeddable":true,"href":"https:\/\/www.caririemacao.com\/1\/wp-json\/wp\/v2\/categories?post=36330"},{"taxonomy":"post_tag","embeddable":true,"href":"https:\/\/www.caririemacao.com\/1\/wp-json\/wp\/v2\/tags?post=36330"}],"curies":[{"name":"wp","href":"https:\/\/api.w.org\/{rel}","templated":true}]}}