{"id":36332,"date":"2018-01-04T19:15:54","date_gmt":"2018-01-04T22:15:54","guid":{"rendered":"http:\/\/caririemacao.com\/1\/?p=36332"},"modified":"2018-01-04T19:15:54","modified_gmt":"2018-01-04T22:15:54","slug":"cariri-agricultor-transforma-onibus-em-carro-pipa","status":"publish","type":"post","link":"https:\/\/www.caririemacao.com\/1\/2018\/01\/04\/cariri-agricultor-transforma-onibus-em-carro-pipa\/","title":{"rendered":"Cariri: agricultor transforma \u00f4nibus em carro-pipa"},"content":{"rendered":"<p>O agricultor Sebasti\u00e3o Rosildo Diniz, da cidade de S\u00e3o Domingos do Cariri, distante 220 km de Jo\u00e3o Pessoa, usou a criatividade para atravessar a seca que castiga a regi\u00e3o h\u00e1 mais de seis anos.<\/p>\n<p>Rosildo explicou que comprou o \u00f4nibus fabricado em 1988, para transformar em um caminh\u00e3o, mas com a necessidade de colocar \u00e1gua para zona rural de S\u00e3o Domingos, o agricultor que se intitula curioso, cortou o \u00f4nibus ao meio e o transformou em um carro-pipa, com capacidade para 8 mil litros de \u00e1gua.<\/p>\n<p>\u201cEu coloco \u00e1gua para mim e para quem me contrata. O pre\u00e7o de um frete fica entre R$ 80 e 100 reais\u201d.\u00a0A inven\u00e7\u00e3o do agricultor chamou a aten\u00e7\u00e3o e fez sucesso na regi\u00e3o.<\/p>\n<p><strong>CARIRI EM A\u00c7\u00c3O<\/strong><\/p>\n<p><em>Com Mais PB \/Foto: Reprodu\u00e7\u00e3o google<\/em><\/p>\n<p><strong>Leia mais not\u00edcias em\u00a0<\/strong><a href=\"http:\/\/www.caririemacao.com\/\"><strong>caririemacao.com<\/strong><\/a><strong>, siga nossa p\u00e1gina no\u00a0<\/strong><a href=\"https:\/\/www.facebook.com\/CaririEmAcao\/?ref=aymt_homepage_panel\"><strong>Facebook<\/strong><\/a>,<strong>\u00a0<\/strong><a href=\"https:\/\/www.instagram.com\/cariri_em_acao\/?hl=pt-br\"><strong>Instagram<\/strong><\/a><strong>\u00a0e <\/strong><a href=\"https:\/\/www.youtube.com\/channel\/UCAptA0jQuYQy8vMhLt2m4qg\"><strong>Youtube<\/strong><\/a><strong>\u00a0e veja nossas mat\u00e9rias, v\u00eddeos e fotos. Voc\u00ea tamb\u00e9m pode enviar informa\u00e7\u00f5es \u00e0 Reda\u00e7\u00e3o do Portal Cariri em A\u00e7\u00e3o pelo WhatsApp (83) 9 9634.5791, (83) 9 9601-1162.<\/strong><\/p>\n","protected":false},"excerpt":{"rendered":"<p>O agricultor Sebasti\u00e3o Rosildo Diniz, da cidade de S\u00e3o Domingos do Cariri, distante 220 km de Jo\u00e3o Pessoa, usou a criatividade para atravessar a seca&hellip; <\/p>\n","protected":false},"author":2,"featured_media":36333,"comment_status":"closed","ping_status":"closed","sticky":false,"template":"","format":"standard","meta":{"sfsi_plus_gutenberg_text_before_share":"","sfsi_plus_gutenberg_show_text_before_share":"","sfsi_plus_gutenberg_icon_type":"","sfsi_plus_gutenberg_icon_alignemt":"","sfsi_plus_gutenburg_max_per_row":"","footnotes":""},"categories":[6],"tags":[],"class_list":["post-36332","post","type-post","status-publish","format-standard","has-post-thumbnail","hentry","category-cidades"],"_links":{"self":[{"href":"https:\/\/www.caririemacao.com\/1\/wp-json\/wp\/v2\/posts\/36332","targetHints":{"allow":["GET"]}}],"collection":[{"href":"https:\/\/www.caririemacao.com\/1\/wp-json\/wp\/v2\/posts"}],"about":[{"href":"https:\/\/www.caririemacao.com\/1\/wp-json\/wp\/v2\/types\/post"}],"author":[{"embeddable":true,"href":"https:\/\/www.caririemacao.com\/1\/wp-json\/wp\/v2\/users\/2"}],"replies":[{"embeddable":true,"href":"https:\/\/www.caririemacao.com\/1\/wp-json\/wp\/v2\/comments?post=36332"}],"version-history":[{"count":0,"href":"https:\/\/www.caririemacao.com\/1\/wp-json\/wp\/v2\/posts\/36332\/revisions"}],"wp:featuredmedia":[{"embeddable":true,"href":"https:\/\/www.caririemacao.com\/1\/wp-json\/wp\/v2\/media\/36333"}],"wp:attachment":[{"href":"https:\/\/www.caririemacao.com\/1\/wp-json\/wp\/v2\/media?parent=36332"}],"wp:term":[{"taxonomy":"category","embeddable":true,"href":"https:\/\/www.caririemacao.com\/1\/wp-json\/wp\/v2\/categories?post=36332"},{"taxonomy":"post_tag","embeddable":true,"href":"https:\/\/www.caririemacao.com\/1\/wp-json\/wp\/v2\/tags?post=36332"}],"curies":[{"name":"wp","href":"https:\/\/api.w.org\/{rel}","templated":true}]}}