{"id":36354,"date":"2018-01-05T08:10:57","date_gmt":"2018-01-05T11:10:57","guid":{"rendered":"http:\/\/caririemacao.com\/1\/?p=36354"},"modified":"2018-01-05T08:10:57","modified_gmt":"2018-01-05T11:10:57","slug":"governo-e-prefeituras-da-paraiba-vao-receber-r-26-bilhoes-do-fundeb-em-2018","status":"publish","type":"post","link":"https:\/\/www.caririemacao.com\/1\/2018\/01\/05\/governo-e-prefeituras-da-paraiba-vao-receber-r-26-bilhoes-do-fundeb-em-2018\/","title":{"rendered":"Governo e prefeituras da Para\u00edba v\u00e3o receber R$ 2,6 bilh\u00f5es do Fundeb em 2018"},"content":{"rendered":"<p>O governo federal publicou, no Di\u00e1rio Oficial da Uni\u00e3o (DOU), a estimativa da receita do Fundo de Manuten\u00e7\u00e3o e Desenvolvimento da Educa\u00e7\u00e3o B\u00e1sica e Valoriza\u00e7\u00e3o dos profissionais da Educa\u00e7\u00e3o (Fundeb) para o exerc\u00edcio de 2018. De acordo com a Portaria Interministerial 10\/2017, a previs\u00e3o total do Fundo para este ano no pa\u00eds \u00e9 R$ 148 bilh\u00f5es. Do total, mais de R$ 2,6 bilh\u00f5es v\u00e3o ser destinados para a Para\u00edba, sendo mais R$ 1,6 bilh\u00f5es para as prefeituras e quase R$ 1 bilh\u00e3o para o governo do Estado.\u00a0<a href=\"http:\/\/www.cnm.org.br\/cms\/biblioteca\/documentos\/Estimativa_Complenta%C3%A7%C3%A3o_Uni%C3%A3o_Fundeb_2018_PB.pdf\">Veja a divis\u00e3o\u00a0<\/a><\/p>\n<p>Nas transfer\u00eancias federais programadas para a Para\u00edba, est\u00e3o inclu\u00eddos os repasses mensais e as complementa\u00e7\u00f5es ao piso do magist\u00e9rio. Dos 223 munic\u00edpios paraibanos, a Prefeitura de Jo\u00e3o Pessoa receber\u00e1 mais de R$ 200 milh\u00f5es do Fundeb, enquanto Campina Grande perceber\u00e1 R$ 101 milh\u00f5es e Santa Rita, R$ 50 milh\u00f5es.<\/p>\n<p>A quarta maior fatia do fundo vai ser repassada para Bayeux, na ordem de R$ 37 milh\u00f5es, seguido por Patos (R$ 34 milh\u00f5es) , Queimadas (R$ 27 mi), Cabedelo (R$ 24 mi), S\u00e3o Bento (R$ 22 mi), Sap\u00e9 (R$ 22 mi), Conde (R$ 20 mi), Pedras de Fogo (R$ 20 mi), Mamanguape (R$ 19 mi), Cajazeiras (R$ 19 mi) e Sousa (R$ 17 mi)<\/p>\n<p>O valor m\u00ednimo nacional por aluno\/ano dos anos iniciais do ensino fundamental urbano foi estimado para 2018 em R$ 3 mil correspondendo a um aumento de 3,08% em rela\u00e7\u00e3o ao estimado para 2017, que foi de R$ 2,9 mil<\/p>\n<h4>Expectativas<\/h4>\n<p>Para a Confedera\u00e7\u00e3o Nacional de Munic\u00edpios (CNM), tanto a receita estimada do Fundeb para 2017, divulgada no \u00faltimo dia 29 de novembro, quanto a estimativa para 2018, divulgada no final de dezembro em 2017, est\u00e3o baseadas em expectativas irreais. J\u00e1 em 2017, o desempenho da economia foi ruim, houve uma pequena retomada no crescimento econ\u00f4mico do pa\u00eds, mais ainda temos problemas fiscais e externos que precisam ser solucionados ainda este ano. E todas as proje\u00e7\u00f5es e an\u00e1lises do cen\u00e1rio econ\u00f4mico apontam que essas mesmas dificuldades ser\u00e3o enfrentadas pelo pa\u00eds em 2018.<\/p>\n<p>A Confedera\u00e7\u00e3o explica que, segundo a legisla\u00e7\u00e3o do Fundeb, no m\u00ednimo 45% da complementa\u00e7\u00e3o deve ser repassada at\u00e9 julho e 85% at\u00e9 31 de dezembro de cada ano. Isso justifica a diferen\u00e7a de valores no cronograma entre os dois semestres do ano. Os 15% restantes para integralizar a complementa\u00e7\u00e3o do Fundeb s\u00e3o repassados em janeiro do ano seguinte.<\/p>\n<h4>Cronograma<\/h4>\n<p>No anexo da Portaria Interministerial 10\/2017, o cronograma de repasses da complementa\u00e7\u00e3o da Uni\u00e3o ao Fundeb para o pr\u00f3ximo ano os repasses ser\u00e3o feitos em parcelas mensais, de janeiro de 2018 a janeiro de 2019, e ser\u00e3o repassadas em conjunto a \u201ccomplementa\u00e7\u00e3o da Uni\u00e3o\u201d e a \u201ccomplementa\u00e7\u00e3o ao piso\u201d.<\/p>\n<p>Na realidade, o governo federal deixar\u00e1 de reter durante o ano os 10% da complementa\u00e7\u00e3o da Uni\u00e3o ao Fundeb que poderiam ser utilizados para integralizar o pagamento do piso e vai repassar esse valor mensalmente, tamb\u00e9m distribu\u00eddo pelo crit\u00e9rio das matr\u00edculas nas redes de ensino de cada ente federado.<\/p>\n<p><strong>CARIRI EM A\u00c7\u00c3O<\/strong><\/p>\n<p><em>Com CNM\/Foto: Reprodu\u00e7\u00e3o google<\/em><\/p>\n<p><strong>Leia mais not\u00edcias em\u00a0<\/strong><a href=\"http:\/\/www.caririemacao.com\/\"><strong>caririemacao.com<\/strong><\/a><strong>, siga nossa p\u00e1gina no\u00a0<\/strong><a href=\"https:\/\/www.facebook.com\/CaririEmAcao\/?ref=aymt_homepage_panel\"><strong>Facebook<\/strong><\/a>,<strong>\u00a0<\/strong><a href=\"https:\/\/www.instagram.com\/cariri_em_acao\/?hl=pt-br\"><strong>Instagram<\/strong><\/a><strong>\u00a0e <\/strong><a href=\"https:\/\/www.youtube.com\/channel\/UCAptA0jQuYQy8vMhLt2m4qg\"><strong>Youtube<\/strong><\/a><strong>\u00a0e veja nossas mat\u00e9rias, v\u00eddeos e fotos. Voc\u00ea tamb\u00e9m pode enviar informa\u00e7\u00f5es \u00e0 Reda\u00e7\u00e3o do Portal Cariri em A\u00e7\u00e3o pelo WhatsApp (83) 9 9634.5791, (83) 9 9601-1162.<\/strong><\/p>\n","protected":false},"excerpt":{"rendered":"<p>O governo federal publicou, no Di\u00e1rio Oficial da Uni\u00e3o (DOU), a estimativa da receita do Fundo de Manuten\u00e7\u00e3o e Desenvolvimento da Educa\u00e7\u00e3o B\u00e1sica e Valoriza\u00e7\u00e3o&hellip; <\/p>\n","protected":false},"author":2,"featured_media":36355,"comment_status":"closed","ping_status":"closed","sticky":false,"template":"","format":"standard","meta":{"sfsi_plus_gutenberg_text_before_share":"","sfsi_plus_gutenberg_show_text_before_share":"","sfsi_plus_gutenberg_icon_type":"","sfsi_plus_gutenberg_icon_alignemt":"","sfsi_plus_gutenburg_max_per_row":"","footnotes":""},"categories":[2],"tags":[],"class_list":["post-36354","post","type-post","status-publish","format-standard","has-post-thumbnail","hentry","category-geral"],"_links":{"self":[{"href":"https:\/\/www.caririemacao.com\/1\/wp-json\/wp\/v2\/posts\/36354","targetHints":{"allow":["GET"]}}],"collection":[{"href":"https:\/\/www.caririemacao.com\/1\/wp-json\/wp\/v2\/posts"}],"about":[{"href":"https:\/\/www.caririemacao.com\/1\/wp-json\/wp\/v2\/types\/post"}],"author":[{"embeddable":true,"href":"https:\/\/www.caririemacao.com\/1\/wp-json\/wp\/v2\/users\/2"}],"replies":[{"embeddable":true,"href":"https:\/\/www.caririemacao.com\/1\/wp-json\/wp\/v2\/comments?post=36354"}],"version-history":[{"count":0,"href":"https:\/\/www.caririemacao.com\/1\/wp-json\/wp\/v2\/posts\/36354\/revisions"}],"wp:featuredmedia":[{"embeddable":true,"href":"https:\/\/www.caririemacao.com\/1\/wp-json\/wp\/v2\/media\/36355"}],"wp:attachment":[{"href":"https:\/\/www.caririemacao.com\/1\/wp-json\/wp\/v2\/media?parent=36354"}],"wp:term":[{"taxonomy":"category","embeddable":true,"href":"https:\/\/www.caririemacao.com\/1\/wp-json\/wp\/v2\/categories?post=36354"},{"taxonomy":"post_tag","embeddable":true,"href":"https:\/\/www.caririemacao.com\/1\/wp-json\/wp\/v2\/tags?post=36354"}],"curies":[{"name":"wp","href":"https:\/\/api.w.org\/{rel}","templated":true}]}}