{"id":36359,"date":"2018-01-05T08:28:32","date_gmt":"2018-01-05T11:28:32","guid":{"rendered":"http:\/\/caririemacao.com\/1\/?p=36359"},"modified":"2018-01-05T08:28:32","modified_gmt":"2018-01-05T11:28:32","slug":"transposicao-ministerio-da-integracao-garante-que-eixo-norte-vai-ser-concluido-ate-marco","status":"publish","type":"post","link":"https:\/\/www.caririemacao.com\/1\/2018\/01\/05\/transposicao-ministerio-da-integracao-garante-que-eixo-norte-vai-ser-concluido-ate-marco\/","title":{"rendered":"Transposi\u00e7\u00e3o: Minist\u00e9rio da Integra\u00e7\u00e3o garante que Eixo Norte vai ser conclu\u00eddo at\u00e9 mar\u00e7o"},"content":{"rendered":"<p>O Minist\u00e9rio da Integra\u00e7\u00e3o negou que os servi\u00e7os do Eixo Norte da transposi\u00e7\u00e3o do Rio S\u00e3o Francisco, que vai levar \u00e1gua para o Sert\u00e3o da Para\u00edba, estejam atrasados e confirmou, em nota, a conclus\u00e3o das obras para mar\u00e7o deste ano, pois j\u00e1 apresentam 94% de avan\u00e7o f\u00edsico. Em mar\u00e7o de 2017, o presidente Michel Temer inaugurou o Eixo Leste, em solenidade em Monteiro, no Cariri paraibano.<\/p>\n<p>A informa\u00e7\u00e3o do minist\u00e9rio contraria a previs\u00e3o do senador Raimundo Lira (MDB), que projeta a chegada das \u00e1guas ao Sert\u00e3o da Para\u00edba para o m\u00eas de junho em virtude do atraso nas obras. Segundo Lira, a construtora encarregada do Eixo Norte n\u00e3o est\u00e1 construindo na velocidade que deveria fazer a obras.<\/p>\n<h4>Veja a nota<\/h4>\n<p>\u201cO Minist\u00e9rio da Integra\u00e7\u00e3o Nacional reafirma o compromisso de concluir as obras do Eixo Norte do Projeto de Integra\u00e7\u00e3o do Rio S\u00e3o Francisco nos primeiros meses deste ano de 2018, conforme amplamente divulgado.<\/p>\n<p>\u00c9 importante destacar que as obras do Eixo Norte j\u00e1 apresentam 94% de avan\u00e7o f\u00edsico e est\u00e3o divididas em tr\u00eas Metas (1N, 2N e 3N).<\/p>\n<p>O trecho do Eixo Norte, que passa pelo estado da Para\u00edba (Meta 3N), est\u00e1 praticamente finalizado com 98% de execu\u00e7\u00e3o.<\/p>\n<p>Quando totalmente finalizado, o Eixo Norte do Projeto S\u00e3o Francisco levar\u00e1 \u00e1gua para 7,1 milh\u00f5es de pessoas em Pernambuco, Para\u00edba, Cear\u00e1 e Rio Grande do Norte.<\/p>\n<p>Ressalta-se ainda que cerca de um milh\u00e3o de habitantes de 31 munic\u00edpios paraibanos j\u00e1 s\u00e3o contemplados com as \u00e1guas do Eixo Leste do Projeto S\u00e3o Francisco desde a inaugura\u00e7\u00e3o da estrutura, em mar\u00e7o do ano passado\u201d.<\/p>\n<p><strong>CARIRI EM A\u00c7\u00c3O<\/strong><\/p>\n<p><em>Com Jornal\u00a0da Para\u00edba\u00a0\/Foto: Reprodu\u00e7\u00e3o google<\/em><\/p>\n<p><strong>Leia mais not\u00edcias em\u00a0<\/strong><a href=\"http:\/\/www.caririemacao.com\/\"><strong>caririemacao.com<\/strong><\/a><strong>, siga nossa p\u00e1gina no\u00a0<\/strong><a href=\"https:\/\/www.facebook.com\/CaririEmAcao\/?ref=aymt_homepage_panel\"><strong>Facebook<\/strong><\/a>,<strong>\u00a0<\/strong><a href=\"https:\/\/www.instagram.com\/cariri_em_acao\/?hl=pt-br\"><strong>Instagram<\/strong><\/a><strong>\u00a0e <\/strong><a href=\"https:\/\/www.youtube.com\/channel\/UCAptA0jQuYQy8vMhLt2m4qg\"><strong>Youtube<\/strong><\/a><strong>\u00a0e veja nossas mat\u00e9rias, v\u00eddeos e fotos. Voc\u00ea tamb\u00e9m pode enviar informa\u00e7\u00f5es \u00e0 Reda\u00e7\u00e3o do Portal Cariri em A\u00e7\u00e3o pelo WhatsApp (83) 9 9634.5791, (83) 9 9601-1162.<\/strong><\/p>\n","protected":false},"excerpt":{"rendered":"<p>O Minist\u00e9rio da Integra\u00e7\u00e3o negou que os servi\u00e7os do Eixo Norte da transposi\u00e7\u00e3o do Rio S\u00e3o Francisco, que vai levar \u00e1gua para o Sert\u00e3o da&hellip; <\/p>\n","protected":false},"author":2,"featured_media":36360,"comment_status":"closed","ping_status":"closed","sticky":false,"template":"","format":"standard","meta":{"sfsi_plus_gutenberg_text_before_share":"","sfsi_plus_gutenberg_show_text_before_share":"","sfsi_plus_gutenberg_icon_type":"","sfsi_plus_gutenberg_icon_alignemt":"","sfsi_plus_gutenburg_max_per_row":"","footnotes":""},"categories":[2],"tags":[],"class_list":["post-36359","post","type-post","status-publish","format-standard","has-post-thumbnail","hentry","category-geral"],"_links":{"self":[{"href":"https:\/\/www.caririemacao.com\/1\/wp-json\/wp\/v2\/posts\/36359","targetHints":{"allow":["GET"]}}],"collection":[{"href":"https:\/\/www.caririemacao.com\/1\/wp-json\/wp\/v2\/posts"}],"about":[{"href":"https:\/\/www.caririemacao.com\/1\/wp-json\/wp\/v2\/types\/post"}],"author":[{"embeddable":true,"href":"https:\/\/www.caririemacao.com\/1\/wp-json\/wp\/v2\/users\/2"}],"replies":[{"embeddable":true,"href":"https:\/\/www.caririemacao.com\/1\/wp-json\/wp\/v2\/comments?post=36359"}],"version-history":[{"count":0,"href":"https:\/\/www.caririemacao.com\/1\/wp-json\/wp\/v2\/posts\/36359\/revisions"}],"wp:featuredmedia":[{"embeddable":true,"href":"https:\/\/www.caririemacao.com\/1\/wp-json\/wp\/v2\/media\/36360"}],"wp:attachment":[{"href":"https:\/\/www.caririemacao.com\/1\/wp-json\/wp\/v2\/media?parent=36359"}],"wp:term":[{"taxonomy":"category","embeddable":true,"href":"https:\/\/www.caririemacao.com\/1\/wp-json\/wp\/v2\/categories?post=36359"},{"taxonomy":"post_tag","embeddable":true,"href":"https:\/\/www.caririemacao.com\/1\/wp-json\/wp\/v2\/tags?post=36359"}],"curies":[{"name":"wp","href":"https:\/\/api.w.org\/{rel}","templated":true}]}}