{"id":36362,"date":"2018-01-05T08:47:57","date_gmt":"2018-01-05T11:47:57","guid":{"rendered":"http:\/\/caririemacao.com\/1\/?p=36362"},"modified":"2018-01-05T10:04:28","modified_gmt":"2018-01-05T13:04:28","slug":"cassio-nega-articulacao-de-alianca-com-maranhao-para-que-pedro-ocupe-vaga-de-vice-governador","status":"publish","type":"post","link":"https:\/\/www.caririemacao.com\/1\/2018\/01\/05\/cassio-nega-articulacao-de-alianca-com-maranhao-para-que-pedro-ocupe-vaga-de-vice-governador\/","title":{"rendered":"C\u00e1ssio nega articula\u00e7\u00e3o de alian\u00e7a com Maranh\u00e3o para que Pedro ocupe vaga de vice-governador"},"content":{"rendered":"<p>O senador C\u00e1ssio Cunha Lima (PSDB) negou a\u00a0informa\u00e7\u00e3o publicada pelo Estad\u00e3o\u00a0de que teria sido procurado pelo senador Jos\u00e9 Maranh\u00e3o (MDB) para conversar sobre uma poss\u00edvel alian\u00e7a com vistas a elei\u00e7\u00e3o deste ano. De acordo com a colunista Andreza Matais, Maranh\u00e3o quer Pedro como seu vice e teria procurado C\u00e1ssio para propor a forma\u00e7\u00e3o da chapa.<\/p>\n<p>Em contato como a nossa reportagem , C\u00e1ssio negou que tenha conversado com Maranh\u00e3o sobre este assunto, mas n\u00e3o respondeu se este seria um cen\u00e1rio a ser discutido. O tucano se limitou a reafirmar a candidatura de Pedro \u00e0 reelei\u00e7\u00e3o para a C\u00e2mara Federal.<\/p>\n<p>Em dezembro, C\u00e1ssio j\u00e1 havia assegurado a reelei\u00e7\u00e3o de Pedro, afirmando que a indica\u00e7\u00e3o do seu nome para cargos majorit\u00e1rios n\u00e3o passavam de especula\u00e7\u00e3o.<\/p>\n<p><strong>CARIRI EM A\u00c7\u00c3O<\/strong><\/p>\n<p><em>Com\u00a0<\/em>Blog do Gordinho<em>\/Foto: Reprodu\u00e7\u00e3o google<\/em><\/p>\n<p><strong>Leia mais not\u00edcias em\u00a0<\/strong><a href=\"http:\/\/www.caririemacao.com\/\"><strong>caririemacao.com<\/strong><\/a><strong>, siga nossa p\u00e1gina no\u00a0<\/strong><a href=\"https:\/\/www.facebook.com\/CaririEmAcao\/?ref=aymt_homepage_panel\"><strong>Facebook<\/strong><\/a>,<strong>\u00a0<\/strong><a href=\"https:\/\/www.instagram.com\/cariri_em_acao\/?hl=pt-br\"><strong>Instagram<\/strong><\/a><strong>\u00a0e <\/strong><a href=\"https:\/\/www.youtube.com\/channel\/UCAptA0jQuYQy8vMhLt2m4qg\"><strong>Youtube<\/strong><\/a><strong>\u00a0e veja nossas mat\u00e9rias, v\u00eddeos e fotos. Voc\u00ea tamb\u00e9m pode enviar informa\u00e7\u00f5es \u00e0 Reda\u00e7\u00e3o do Portal Cariri em A\u00e7\u00e3o pelo WhatsApp (83) 9 9634.5791, (83) 9 9601-1162.<\/strong><\/p>\n","protected":false},"excerpt":{"rendered":"<p>O senador C\u00e1ssio Cunha Lima (PSDB) negou a\u00a0informa\u00e7\u00e3o publicada pelo Estad\u00e3o\u00a0de que teria sido procurado pelo senador Jos\u00e9 Maranh\u00e3o (MDB) para conversar sobre uma poss\u00edvel&hellip; <\/p>\n","protected":false},"author":2,"featured_media":8276,"comment_status":"closed","ping_status":"closed","sticky":false,"template":"","format":"standard","meta":{"sfsi_plus_gutenberg_text_before_share":"","sfsi_plus_gutenberg_show_text_before_share":"","sfsi_plus_gutenberg_icon_type":"","sfsi_plus_gutenberg_icon_alignemt":"","sfsi_plus_gutenburg_max_per_row":"","footnotes":""},"categories":[1],"tags":[],"class_list":["post-36362","post","type-post","status-publish","format-standard","has-post-thumbnail","hentry","category-o-site"],"_links":{"self":[{"href":"https:\/\/www.caririemacao.com\/1\/wp-json\/wp\/v2\/posts\/36362","targetHints":{"allow":["GET"]}}],"collection":[{"href":"https:\/\/www.caririemacao.com\/1\/wp-json\/wp\/v2\/posts"}],"about":[{"href":"https:\/\/www.caririemacao.com\/1\/wp-json\/wp\/v2\/types\/post"}],"author":[{"embeddable":true,"href":"https:\/\/www.caririemacao.com\/1\/wp-json\/wp\/v2\/users\/2"}],"replies":[{"embeddable":true,"href":"https:\/\/www.caririemacao.com\/1\/wp-json\/wp\/v2\/comments?post=36362"}],"version-history":[{"count":0,"href":"https:\/\/www.caririemacao.com\/1\/wp-json\/wp\/v2\/posts\/36362\/revisions"}],"wp:featuredmedia":[{"embeddable":true,"href":"https:\/\/www.caririemacao.com\/1\/wp-json\/wp\/v2\/media\/8276"}],"wp:attachment":[{"href":"https:\/\/www.caririemacao.com\/1\/wp-json\/wp\/v2\/media?parent=36362"}],"wp:term":[{"taxonomy":"category","embeddable":true,"href":"https:\/\/www.caririemacao.com\/1\/wp-json\/wp\/v2\/categories?post=36362"},{"taxonomy":"post_tag","embeddable":true,"href":"https:\/\/www.caririemacao.com\/1\/wp-json\/wp\/v2\/tags?post=36362"}],"curies":[{"name":"wp","href":"https:\/\/api.w.org\/{rel}","templated":true}]}}