{"id":36366,"date":"2018-01-05T08:53:17","date_gmt":"2018-01-05T11:53:17","guid":{"rendered":"http:\/\/caririemacao.com\/1\/?p=36366"},"modified":"2018-01-05T08:53:17","modified_gmt":"2018-01-05T11:53:17","slug":"divulgado-cronograma-de-saques-do-pis-pasep-2018","status":"publish","type":"post","link":"https:\/\/www.caririemacao.com\/1\/2018\/01\/05\/divulgado-cronograma-de-saques-do-pis-pasep-2018\/","title":{"rendered":"Divulgado cronograma de saques do PIS\/Pasep 2018"},"content":{"rendered":"<p>As pessoas com mais de 60 anos que trabalharam com carteira assinada antes da Constitui\u00e7\u00e3o de 1988 saber\u00e3o na pr\u00f3xima semana quando poder\u00e3o sacar as cotas dos fundos dos programas de Integra\u00e7\u00e3o Social (PIS) e de Forma\u00e7\u00e3o do Patrim\u00f4nio do Servidor P\u00fablico (Pasep). O Minist\u00e9rio do Planejamento informou que o cronograma de retiradas ser\u00e1 divulgado na segunda-feira (8).<\/p>\n<p>Em 26 de dezembro, o presidente Michel Temer assinou a medida provis\u00f3ria (MP) que reduz para 60 anos a idade m\u00ednima de saque das cotas do PIS\/Pasep. Em agosto, o governo tinha editado outra MP liberando o saque para homens a partir de 65 anos e para mulheres a partir de 62 anos.<\/p>\n<p>Al\u00e9m de reduzir a idade para a retirada, a MP estabeleceu que dependentes ou herdeiros dos cotistas ter\u00e3o os valores creditados automaticamente na conta, mesmo que n\u00e3o sejam correntistas do Banco do Brasil ou da Caixa Econ\u00f4mica Federal (bancos que administram os saques). De acordo com o Planejamento, o governo est\u00e1 cruzando dados dos bancos e do Instituto Nacional do Seguro Social (INSS) para liberar os recursos para esse p\u00fablico nos pr\u00f3ximos meses.<\/p>\n<p>Segundo o minist\u00e9rio, a nova medida provis\u00f3ria injetar\u00e1 at\u00e9 R$ 7,8 bilh\u00f5es na economia em 2018 e beneficiar\u00e1 cerca de 4,5 milh\u00f5es de pessoas. Se forem acrescidos os benefici\u00e1rios que t\u00eam direito \u00e0s cotas do PIS\/Pasep, mas ainda n\u00e3o fizeram a retirada, a libera\u00e7\u00e3o de recursos na economia pode chegar a R$ 21,4 bilh\u00f5es este ano, beneficiando at\u00e9 10,9 milh\u00f5es de cotistas.<\/p>\n<p>Tem direito aos recursos do abono o trabalhador do setor p\u00fablico ou privado que tenha contribu\u00eddo para o PIS ou Pasep at\u00e9 4 de outubro de 1988 e que n\u00e3o tenha feito o resgate total do saldo do fundo. A Caixa, respons\u00e1vel pelo PIS, e o Banco do Brasil, administrador do Pasep, fazem esse pagamento de acordo com um calend\u00e1rio anual.<\/p>\n<p>A Constitui\u00e7\u00e3o de 1988 destinou a arrecada\u00e7\u00e3o do PIS\/Pasep ao Fundo de Amparo ao Trabalhador (FAT), mas o dinheiro arrecadado entre 1971 e 1988 continuou depositado nas cotas dos fundos. At\u00e9 o ano passado, apenas pessoas com 70 anos ou mais ou trabalhadores com problemas de invalidez, doen\u00e7as definidas em norma ou herdeiros de cotistas falecidos podiam sacar os recursos.<\/p>\n<p><strong>CARIRI EM A\u00c7\u00c3O<\/strong><\/p>\n<p><em>Com Ag\u00eancia Brasil\/Foto: Reprodu\u00e7\u00e3o google<\/em><\/p>\n<p><strong>Leia mais not\u00edcias em\u00a0<\/strong><a href=\"http:\/\/www.caririemacao.com\/\"><strong>caririemacao.com<\/strong><\/a><strong>, siga nossa p\u00e1gina no\u00a0<\/strong><a href=\"https:\/\/www.facebook.com\/CaririEmAcao\/?ref=aymt_homepage_panel\"><strong>Facebook<\/strong><\/a>,<strong>\u00a0<\/strong><a href=\"https:\/\/www.instagram.com\/cariri_em_acao\/?hl=pt-br\"><strong>Instagram<\/strong><\/a><strong>\u00a0e <\/strong><a href=\"https:\/\/www.youtube.com\/channel\/UCAptA0jQuYQy8vMhLt2m4qg\"><strong>Youtube<\/strong><\/a><strong>\u00a0e veja nossas mat\u00e9rias, v\u00eddeos e fotos. Voc\u00ea tamb\u00e9m pode enviar informa\u00e7\u00f5es \u00e0 Reda\u00e7\u00e3o do Portal Cariri em A\u00e7\u00e3o pelo WhatsApp (83) 9 9634.5791, (83) 9 9601-1162.<\/strong><\/p>\n","protected":false},"excerpt":{"rendered":"<p>As pessoas com mais de 60 anos que trabalharam com carteira assinada antes da Constitui\u00e7\u00e3o de 1988 saber\u00e3o na pr\u00f3xima semana quando poder\u00e3o sacar as&hellip; <\/p>\n","protected":false},"author":2,"featured_media":30821,"comment_status":"closed","ping_status":"closed","sticky":false,"template":"","format":"standard","meta":{"sfsi_plus_gutenberg_text_before_share":"","sfsi_plus_gutenberg_show_text_before_share":"","sfsi_plus_gutenberg_icon_type":"","sfsi_plus_gutenberg_icon_alignemt":"","sfsi_plus_gutenburg_max_per_row":"","footnotes":""},"categories":[2],"tags":[],"class_list":["post-36366","post","type-post","status-publish","format-standard","has-post-thumbnail","hentry","category-geral"],"_links":{"self":[{"href":"https:\/\/www.caririemacao.com\/1\/wp-json\/wp\/v2\/posts\/36366","targetHints":{"allow":["GET"]}}],"collection":[{"href":"https:\/\/www.caririemacao.com\/1\/wp-json\/wp\/v2\/posts"}],"about":[{"href":"https:\/\/www.caririemacao.com\/1\/wp-json\/wp\/v2\/types\/post"}],"author":[{"embeddable":true,"href":"https:\/\/www.caririemacao.com\/1\/wp-json\/wp\/v2\/users\/2"}],"replies":[{"embeddable":true,"href":"https:\/\/www.caririemacao.com\/1\/wp-json\/wp\/v2\/comments?post=36366"}],"version-history":[{"count":0,"href":"https:\/\/www.caririemacao.com\/1\/wp-json\/wp\/v2\/posts\/36366\/revisions"}],"wp:featuredmedia":[{"embeddable":true,"href":"https:\/\/www.caririemacao.com\/1\/wp-json\/wp\/v2\/media\/30821"}],"wp:attachment":[{"href":"https:\/\/www.caririemacao.com\/1\/wp-json\/wp\/v2\/media?parent=36366"}],"wp:term":[{"taxonomy":"category","embeddable":true,"href":"https:\/\/www.caririemacao.com\/1\/wp-json\/wp\/v2\/categories?post=36366"},{"taxonomy":"post_tag","embeddable":true,"href":"https:\/\/www.caririemacao.com\/1\/wp-json\/wp\/v2\/tags?post=36366"}],"curies":[{"name":"wp","href":"https:\/\/api.w.org\/{rel}","templated":true}]}}