{"id":36368,"date":"2018-01-05T09:07:17","date_gmt":"2018-01-05T12:07:17","guid":{"rendered":"http:\/\/caririemacao.com\/1\/?p=36368"},"modified":"2018-01-05T09:07:17","modified_gmt":"2018-01-05T12:07:17","slug":"temer-e-o-cabo-eleitoral-mais-odiado-do-pais-diz-katia-abreu","status":"publish","type":"post","link":"https:\/\/www.caririemacao.com\/1\/2018\/01\/05\/temer-e-o-cabo-eleitoral-mais-odiado-do-pais-diz-katia-abreu\/","title":{"rendered":"Temer \u00e9 o cabo eleitoral mais odiado do pa\u00eds, diz K\u00e1tia Abreu"},"content":{"rendered":"<p>Sem partido desde que foi expulsa do PMDB, a senadora K\u00e1tia Abreu (TO) ironizou as discuss\u00f5es sobre a declara\u00e7\u00e3o de apoio do presidente Michel Temer a algum candidato \u00e0 Presid\u00eancia em 2018. Em mensagem publicada em sua conta no Twitter, K\u00e1tia disse que, com as especula\u00e7\u00f5es, o Planalto quer apenas \u201cenganar trouxa para aprovar a reforma da Previd\u00eancia\u201d.<\/p>\n<p>\u201cO governo propaga poss\u00edvel apoio para candidatos a presidente. Ser\u00e1 que j\u00e1 perguntaram se algu\u00e9m quer? S\u00f3 se for doido. Com 3% de aprova\u00e7\u00e3o? Beira ao rid\u00edculo. Cabo eleitoral mais odiado do Brasil. Enganar trouxa para aprovar a reforma da previd\u00eancia\u201d, publicou.<\/p>\n<p>As novas declara\u00e7\u00f5es da senadora s\u00e3o mais um cap\u00edtulo na luta contra a c\u00fapula peemedebista, que a expulsou do PMDB em novembro sob a alega\u00e7\u00e3o de ter infringido o C\u00f3digo de \u00c9tica da legenda ao fazer cr\u00edticas a Temer e votar contra propostas de interesse do Planalto, como a reforma trabalhista.<\/p>\n<p>Em dezembro, K\u00e1tia chamou o presidente do partido, o senador Romero Juc\u00e1 (RR), de \u201ccr\u00e1pula\u201d, \u201ccanalha\u201d e \u201cladr\u00e3o de vidas e almas alheias\u201d. \u00a0Em sua defesa no processo de expuls\u00e3o, a senadora questionou a manuten\u00e7\u00e3o no partido de filiados presos por corrup\u00e7\u00e3o como Eduardo Cunha (RJ), Henrique Eduardo Alves (RN), Geddel Vieira Lima (BA) e Rodrigo Rocha Loures (PR). Nenhum deles virou alvo de processo de expuls\u00e3o.<\/p>\n<p>Em entrevista ao jornal\u00a0<em>O Estado de S. Paulo<\/em>\u00a0publicada ontem, o ministro Carlos Marun, da Secretaria de Governo, disse que o Planalto pode apoiar Geraldo Alckmin \u00e0 Presid\u00eancia, mesmo com as \u201cm\u00e1goas\u201d dos peemedebistas em rela\u00e7\u00e3o ao PSDB. O ministro da Fazenda, Henrique Meirelles (PSD), movimenta-se nos bastidores para sair como candidato do governo ao Planalto.<\/p>\n<p><strong>CARIRI EM A\u00c7\u00c3O<\/strong><\/p>\n<p><em>Com Congresso em Foco\/Foto: Reprodu\u00e7\u00e3o google<\/em><\/p>\n<p><strong>Leia mais not\u00edcias em\u00a0<\/strong><a href=\"http:\/\/www.caririemacao.com\/\"><strong>caririemacao.com<\/strong><\/a><strong>, siga nossa p\u00e1gina no\u00a0<\/strong><a href=\"https:\/\/www.facebook.com\/CaririEmAcao\/?ref=aymt_homepage_panel\"><strong>Facebook<\/strong><\/a>,<strong>\u00a0<\/strong><a href=\"https:\/\/www.instagram.com\/cariri_em_acao\/?hl=pt-br\"><strong>Instagram<\/strong><\/a><strong>\u00a0e <\/strong><a href=\"https:\/\/www.youtube.com\/channel\/UCAptA0jQuYQy8vMhLt2m4qg\"><strong>Youtube<\/strong><\/a><strong>\u00a0e veja nossas mat\u00e9rias, v\u00eddeos e fotos. Voc\u00ea tamb\u00e9m pode enviar informa\u00e7\u00f5es \u00e0 Reda\u00e7\u00e3o do Portal Cariri em A\u00e7\u00e3o pelo WhatsApp (83) 9 9634.5791, (83) 9 9601-1162.<\/strong><\/p>\n","protected":false},"excerpt":{"rendered":"<p>Sem partido desde que foi expulsa do PMDB, a senadora K\u00e1tia Abreu (TO) ironizou as discuss\u00f5es sobre a declara\u00e7\u00e3o de apoio do presidente Michel Temer&hellip; <\/p>\n","protected":false},"author":2,"featured_media":33927,"comment_status":"closed","ping_status":"closed","sticky":false,"template":"","format":"standard","meta":{"sfsi_plus_gutenberg_text_before_share":"","sfsi_plus_gutenberg_show_text_before_share":"","sfsi_plus_gutenberg_icon_type":"","sfsi_plus_gutenberg_icon_alignemt":"","sfsi_plus_gutenburg_max_per_row":"","footnotes":""},"categories":[11],"tags":[],"class_list":["post-36368","post","type-post","status-publish","format-standard","has-post-thumbnail","hentry","category-politica"],"_links":{"self":[{"href":"https:\/\/www.caririemacao.com\/1\/wp-json\/wp\/v2\/posts\/36368","targetHints":{"allow":["GET"]}}],"collection":[{"href":"https:\/\/www.caririemacao.com\/1\/wp-json\/wp\/v2\/posts"}],"about":[{"href":"https:\/\/www.caririemacao.com\/1\/wp-json\/wp\/v2\/types\/post"}],"author":[{"embeddable":true,"href":"https:\/\/www.caririemacao.com\/1\/wp-json\/wp\/v2\/users\/2"}],"replies":[{"embeddable":true,"href":"https:\/\/www.caririemacao.com\/1\/wp-json\/wp\/v2\/comments?post=36368"}],"version-history":[{"count":0,"href":"https:\/\/www.caririemacao.com\/1\/wp-json\/wp\/v2\/posts\/36368\/revisions"}],"wp:featuredmedia":[{"embeddable":true,"href":"https:\/\/www.caririemacao.com\/1\/wp-json\/wp\/v2\/media\/33927"}],"wp:attachment":[{"href":"https:\/\/www.caririemacao.com\/1\/wp-json\/wp\/v2\/media?parent=36368"}],"wp:term":[{"taxonomy":"category","embeddable":true,"href":"https:\/\/www.caririemacao.com\/1\/wp-json\/wp\/v2\/categories?post=36368"},{"taxonomy":"post_tag","embeddable":true,"href":"https:\/\/www.caririemacao.com\/1\/wp-json\/wp\/v2\/tags?post=36368"}],"curies":[{"name":"wp","href":"https:\/\/api.w.org\/{rel}","templated":true}]}}