{"id":36371,"date":"2018-01-05T09:13:27","date_gmt":"2018-01-05T12:13:27","guid":{"rendered":"http:\/\/caririemacao.com\/1\/?p=36371"},"modified":"2018-01-05T09:13:27","modified_gmt":"2018-01-05T12:13:27","slug":"governo-demite-medicos-enfermeiros-e-professor","status":"publish","type":"post","link":"https:\/\/www.caririemacao.com\/1\/2018\/01\/05\/governo-demite-medicos-enfermeiros-e-professor\/","title":{"rendered":"Governo demite m\u00e9dicos, enfermeiros e professor"},"content":{"rendered":"<p>A edi\u00e7\u00e3o desta sexta-feira (05) do Di\u00e1rio Oficial do Estado trouxe portarias de demiss\u00f5es de 16 servidores. A penalidade foi aplicada pelo governador Ricardo Coutinho em virtude do abandono do cargo pelos servidores.<\/p>\n<p>Na lista est\u00e3o agentes de seguran\u00e7a penitenci\u00e1ria, m\u00e9dicos, t\u00e9cnicos em enfermagem, enfermeiros, assistente social e professor.<\/p>\n<p>Para aplicar a demiss\u00e3o o Governo justifica que os servidores\u00a0infringiram o que disp\u00f5e o art. 120, inciso II, com fulcro no art. 126\u00a0e art. 116, inciso III do Regime Jur\u00eddico\u00a0dos Servidores P\u00fablicos Civis do Estado da Para\u00edba.<\/p>\n<p>A norma diz respeito ao abandono de cargo e aus\u00eancia do trabalho por mais de 30 dias consecutivos sem autoriza\u00e7\u00e3o ou apresenta\u00e7\u00e3o de justificativa.<\/p>\n<p><strong>CARIRI EM A\u00c7\u00c3O<\/strong><\/p>\n<p><em>Com Mais PB \/Foto: Reprodu\u00e7\u00e3o google\u00a0<\/em><\/p>\n<p><strong>Leia mais not\u00edcias em\u00a0<\/strong><a href=\"http:\/\/www.caririemacao.com\/\"><strong>caririemacao.com<\/strong><\/a><strong>, siga nossa p\u00e1gina no\u00a0<\/strong><a href=\"https:\/\/www.facebook.com\/CaririEmAcao\/?ref=aymt_homepage_panel\"><strong>Facebook<\/strong><\/a>,<strong>\u00a0<\/strong><a href=\"https:\/\/www.instagram.com\/cariri_em_acao\/?hl=pt-br\"><strong>Instagram<\/strong><\/a><strong>\u00a0e <\/strong><a href=\"https:\/\/www.youtube.com\/channel\/UCAptA0jQuYQy8vMhLt2m4qg\"><strong>Youtube<\/strong><\/a><strong>\u00a0e veja nossas mat\u00e9rias, v\u00eddeos e fotos. Voc\u00ea tamb\u00e9m pode enviar informa\u00e7\u00f5es \u00e0 Reda\u00e7\u00e3o do Portal Cariri em A\u00e7\u00e3o pelo WhatsApp (83) 9 9634.5791, (83) 9 9601-1162.<\/strong><\/p>\n","protected":false},"excerpt":{"rendered":"<p>A edi\u00e7\u00e3o desta sexta-feira (05) do Di\u00e1rio Oficial do Estado trouxe portarias de demiss\u00f5es de 16 servidores. A penalidade foi aplicada pelo governador Ricardo Coutinho&hellip; <\/p>\n","protected":false},"author":2,"featured_media":26821,"comment_status":"closed","ping_status":"closed","sticky":false,"template":"","format":"standard","meta":{"sfsi_plus_gutenberg_text_before_share":"","sfsi_plus_gutenberg_show_text_before_share":"","sfsi_plus_gutenberg_icon_type":"","sfsi_plus_gutenberg_icon_alignemt":"","sfsi_plus_gutenburg_max_per_row":"","footnotes":""},"categories":[2],"tags":[],"class_list":["post-36371","post","type-post","status-publish","format-standard","has-post-thumbnail","hentry","category-geral"],"_links":{"self":[{"href":"https:\/\/www.caririemacao.com\/1\/wp-json\/wp\/v2\/posts\/36371","targetHints":{"allow":["GET"]}}],"collection":[{"href":"https:\/\/www.caririemacao.com\/1\/wp-json\/wp\/v2\/posts"}],"about":[{"href":"https:\/\/www.caririemacao.com\/1\/wp-json\/wp\/v2\/types\/post"}],"author":[{"embeddable":true,"href":"https:\/\/www.caririemacao.com\/1\/wp-json\/wp\/v2\/users\/2"}],"replies":[{"embeddable":true,"href":"https:\/\/www.caririemacao.com\/1\/wp-json\/wp\/v2\/comments?post=36371"}],"version-history":[{"count":0,"href":"https:\/\/www.caririemacao.com\/1\/wp-json\/wp\/v2\/posts\/36371\/revisions"}],"wp:featuredmedia":[{"embeddable":true,"href":"https:\/\/www.caririemacao.com\/1\/wp-json\/wp\/v2\/media\/26821"}],"wp:attachment":[{"href":"https:\/\/www.caririemacao.com\/1\/wp-json\/wp\/v2\/media?parent=36371"}],"wp:term":[{"taxonomy":"category","embeddable":true,"href":"https:\/\/www.caririemacao.com\/1\/wp-json\/wp\/v2\/categories?post=36371"},{"taxonomy":"post_tag","embeddable":true,"href":"https:\/\/www.caririemacao.com\/1\/wp-json\/wp\/v2\/tags?post=36371"}],"curies":[{"name":"wp","href":"https:\/\/api.w.org\/{rel}","templated":true}]}}