{"id":36373,"date":"2018-01-05T09:15:19","date_gmt":"2018-01-05T12:15:19","guid":{"rendered":"http:\/\/caririemacao.com\/1\/?p=36373"},"modified":"2018-01-05T09:15:19","modified_gmt":"2018-01-05T12:15:19","slug":"uepb-abre-selecao-para-admissao-por-transferencia-voluntaria","status":"publish","type":"post","link":"https:\/\/www.caririemacao.com\/1\/2018\/01\/05\/uepb-abre-selecao-para-admissao-por-transferencia-voluntaria\/","title":{"rendered":"UEPB abre sele\u00e7\u00e3o para admiss\u00e3o por transfer\u00eancia volunt\u00e1ria"},"content":{"rendered":"<p>A Universidade Estadual da Para\u00edba (UEPB) lan\u00e7ou edital para o Processo Seletivo de Admiss\u00e3o por Transfer\u00eancia Volunt\u00e1ria (PSATV) no per\u00edodo letivo 2017.2, com oferta de vagas para todos os campus da institui\u00e7\u00e3o.<\/p>\n<p>As inscri\u00e7\u00f5es est\u00e3o abertas das 10h do dia 15 de janeiro \u00e0s 10h do dia 26. Durante esse per\u00edodo, os candidatos inscritos devem comparecer a A Pr\u00f3-Reitoria de Gradua\u00e7\u00e3o (Prograd), das 7h \u00e0s 13h, para a entrega da documenta\u00e7\u00e3o necess\u00e1ria para avalia\u00e7\u00e3o e homologa\u00e7\u00e3o da inscri\u00e7\u00e3o. Fa\u00e7a\u00a0<a href=\"http:\/\/cpcon.uepb.edu.br.\/\"><strong>aqui<\/strong>\u00a0<\/a>a inscri\u00e7\u00e3o. Veja\u00a0<a href=\"https:\/\/cpcon.uepb.edu.br\/concursos\/PS_Transferencia_2017_2\/\"><strong>aqui<\/strong><\/a>\u00a0o edital completo e o quadro de vagas dispon\u00edveis.<\/p>\n<p>A documenta\u00e7\u00e3o exigida dever\u00e1 ser encadernada em capas pl\u00e1sticas em espiral. Para conferir a lista completa de documentos basta acessar o site da CPCon (<a href=\"http:\/\/cpcon.uepb.edu.br\/\"><strong>http:\/\/cpcon.uepb.edu.br<\/strong><\/a>).<\/p>\n<p>N\u00e3o ser\u00e1 aceita qualquer complementa\u00e7\u00e3o de documentos ap\u00f3s a inscri\u00e7\u00e3o do candidato no processo seletivo. A prova da sele\u00e7\u00e3o ser\u00e1 realizada no dia 16 de fevereiro, na Central de Integra\u00e7\u00e3o Acad\u00eamica, campus de Bodocong\u00f3, das 14h \u00e0s 16h. O resultado ser\u00e1 divulgado no dia 22 de fevereiro, atrav\u00e9s do site da CPCon.<\/p>\n<p>Os candidatos classificados e aprovados dever\u00e3o comparecer \u00e0 Prograd no dia 23 de fevereiro para as provid\u00eancias necess\u00e1rias quanto \u00e0 efetiva\u00e7\u00e3o da transfer\u00eancia. A matr\u00edcula em componentes curriculares ser\u00e1 efetuada na Coordena\u00e7\u00e3o do curso, nos dias 27 e 28 do mesmo m\u00eas.<\/p>\n<p><strong>CARIRI EM A\u00c7\u00c3O<\/strong><\/p>\n<p><em>Com Portal Correio\/Foto: Reprodu\u00e7\u00e3o google<\/em><\/p>\n<p><strong>Leia mais not\u00edcias em\u00a0<\/strong><a href=\"http:\/\/www.caririemacao.com\/\"><strong>caririemacao.com<\/strong><\/a><strong>, siga nossa p\u00e1gina no\u00a0<\/strong><a href=\"https:\/\/www.facebook.com\/CaririEmAcao\/?ref=aymt_homepage_panel\"><strong>Facebook<\/strong><\/a>,<strong>\u00a0<\/strong><a href=\"https:\/\/www.instagram.com\/cariri_em_acao\/?hl=pt-br\"><strong>Instagram<\/strong><\/a><strong>\u00a0e <\/strong><a href=\"https:\/\/www.youtube.com\/channel\/UCAptA0jQuYQy8vMhLt2m4qg\"><strong>Youtube<\/strong><\/a><strong>\u00a0e veja nossas mat\u00e9rias, v\u00eddeos e fotos. Voc\u00ea tamb\u00e9m pode enviar informa\u00e7\u00f5es \u00e0 Reda\u00e7\u00e3o do Portal Cariri em A\u00e7\u00e3o pelo WhatsApp (83) 9 9634.5791, (83) 9 9601-1162.<\/strong><\/p>\n","protected":false},"excerpt":{"rendered":"<p>A Universidade Estadual da Para\u00edba (UEPB) lan\u00e7ou edital para o Processo Seletivo de Admiss\u00e3o por Transfer\u00eancia Volunt\u00e1ria (PSATV) no per\u00edodo letivo 2017.2, com oferta de&hellip; <\/p>\n","protected":false},"author":2,"featured_media":9765,"comment_status":"closed","ping_status":"closed","sticky":false,"template":"","format":"standard","meta":{"sfsi_plus_gutenberg_text_before_share":"","sfsi_plus_gutenberg_show_text_before_share":"","sfsi_plus_gutenberg_icon_type":"","sfsi_plus_gutenberg_icon_alignemt":"","sfsi_plus_gutenburg_max_per_row":"","footnotes":""},"categories":[14],"tags":[],"class_list":["post-36373","post","type-post","status-publish","format-standard","has-post-thumbnail","hentry","category-educacao"],"_links":{"self":[{"href":"https:\/\/www.caririemacao.com\/1\/wp-json\/wp\/v2\/posts\/36373","targetHints":{"allow":["GET"]}}],"collection":[{"href":"https:\/\/www.caririemacao.com\/1\/wp-json\/wp\/v2\/posts"}],"about":[{"href":"https:\/\/www.caririemacao.com\/1\/wp-json\/wp\/v2\/types\/post"}],"author":[{"embeddable":true,"href":"https:\/\/www.caririemacao.com\/1\/wp-json\/wp\/v2\/users\/2"}],"replies":[{"embeddable":true,"href":"https:\/\/www.caririemacao.com\/1\/wp-json\/wp\/v2\/comments?post=36373"}],"version-history":[{"count":0,"href":"https:\/\/www.caririemacao.com\/1\/wp-json\/wp\/v2\/posts\/36373\/revisions"}],"wp:featuredmedia":[{"embeddable":true,"href":"https:\/\/www.caririemacao.com\/1\/wp-json\/wp\/v2\/media\/9765"}],"wp:attachment":[{"href":"https:\/\/www.caririemacao.com\/1\/wp-json\/wp\/v2\/media?parent=36373"}],"wp:term":[{"taxonomy":"category","embeddable":true,"href":"https:\/\/www.caririemacao.com\/1\/wp-json\/wp\/v2\/categories?post=36373"},{"taxonomy":"post_tag","embeddable":true,"href":"https:\/\/www.caririemacao.com\/1\/wp-json\/wp\/v2\/tags?post=36373"}],"curies":[{"name":"wp","href":"https:\/\/api.w.org\/{rel}","templated":true}]}}