{"id":36375,"date":"2018-01-05T09:19:13","date_gmt":"2018-01-05T12:19:13","guid":{"rendered":"http:\/\/caririemacao.com\/1\/?p=36375"},"modified":"2018-01-05T09:19:13","modified_gmt":"2018-01-05T12:19:13","slug":"codisma-inscreve-para-oito-cursos-de-idiomas-em-diversos-niveis","status":"publish","type":"post","link":"https:\/\/www.caririemacao.com\/1\/2018\/01\/05\/codisma-inscreve-para-oito-cursos-de-idiomas-em-diversos-niveis\/","title":{"rendered":"Codisma inscreve para oito cursos de idiomas em diversos n\u00edveis"},"content":{"rendered":"<p class=\"m_8521881189649576889m_-3807803173329499754m_7752295200569623717gmail-MsoNormal\">A Cooperativa Cultural Universit\u00e1ria da Para\u00edba (Codisma) est\u00e1 com inscri\u00e7\u00f5es abertas para aproximadamente 200 turmas dos cursos de idiomas. S\u00e3o oito idiomas (ingl\u00eas, espanhol, franc\u00eas, italiano, alem\u00e3o, russo, japon\u00eas e mandarim), al\u00e9m de cursos preparat\u00f3rios de profici\u00eancia, conversa\u00e7\u00e3o, TOEFL e portugu\u00eas para concurso. Veja\u00a0<a href=\"https:\/\/goo.gl\/hXXVFk\" target=\"_blank\" rel=\"noopener\"><strong>aqui<\/strong><\/a>\u00a0os hor\u00e1rios com turmas abertas.<\/p>\n<p class=\"m_8521881189649576889m_-3807803173329499754m_7752295200569623717gmail-MsoNormal\">E a Codisma est\u00e1 com uma super promo\u00e7\u00e3o, que est\u00e1 dando desconto de at\u00e9 100% na matr\u00edcula. Quer saber como?! Quanto mais amigos voc\u00ea indicar para fazer um dos nossos cursos mais desconto vai ganhar.<\/p>\n<p class=\"m_8521881189649576889m_-3807803173329499754m_7752295200569623717gmail-MsoNormal\">H\u00e1 vagas para turmas tradicionais e\/ou intensivas. Na primeira, o aluno pode optar entre fazer um curso tradicional, onde \u00e9 visto um per\u00edodo em cinco meses. J\u00e1 no m\u00f3dulo intensivo, o aluno pode realizar dois per\u00edodos em um semestre. Desta forma, ele poder\u00e1 fazer quatro per\u00edodos em 10 meses. E adiantar em at\u00e9 metade do tempo a conclus\u00e3o do curso.<\/p>\n<p class=\"m_8521881189649576889m_-3807803173329499754m_7752295200569623717gmail-MsoNormal\">As aulas come\u00e7am no dia 03 de fevereiro e ser\u00e3o realizadas tanto na Codisma localizada na UFPB quanto no Anexo Marcos Bot\u00ealho, que fica na principal do Bairro Castelo Branco, em frente \u00e0s depend\u00eancias da Caixa Econ\u00f4mica da UFPB.<\/p>\n<p class=\"m_8521881189649576889m_-3807803173329499754m_7752295200569623717gmail-MsoNormal\">Os cursos de idiomas da Codisma est\u00e3o abertos para toda comunidade em geral. O \u00fanico pr\u00e9-requisito \u00e9 que tenha idade igual ou superior a 15 anos. Sendo menor de idade deve ir acompanhado dos pais ou respons\u00e1vel. A matr\u00edcula est\u00e1 sendo realizada, na sede Codisma localizada no Campus I da UFPB, ao lado do Restaurante Universit\u00e1rio e no Anexo Marcos Bot\u00ealho, de segunda a sexta-feira, das 08h \u00e0s 17h.<\/p>\n<p class=\"m_8521881189649576889m_-3807803173329499754m_7752295200569623717gmail-MsoNormal\">Para realizar inscri\u00e7\u00e3o \u00e9 necess\u00e1rio levar RG, CPF e comprovante de resid\u00eancia. Os alunos da UFPB devem levar documento comprovando estar regularmente matriculado para obter desconto na matr\u00edcula e mensalidades. As vagas s\u00e3o limitadas, portanto, as inscri\u00e7\u00f5es encerram quando preenchem as vagas dispon\u00edveis nas turmas ou quando iniciam as aulas.<\/p>\n<p><strong>CARIRI EM A\u00c7\u00c3O<\/strong><\/p>\n<p><em>Com Portal Correio\/Foto: Reprodu\u00e7\u00e3o google<\/em><\/p>\n<p><strong>Leia mais not\u00edcias em\u00a0<\/strong><a href=\"http:\/\/www.caririemacao.com\/\"><strong>caririemacao.com<\/strong><\/a><strong>, siga nossa p\u00e1gina no\u00a0<\/strong><a href=\"https:\/\/www.facebook.com\/CaririEmAcao\/?ref=aymt_homepage_panel\"><strong>Facebook<\/strong><\/a>,<strong>\u00a0<\/strong><a href=\"https:\/\/www.instagram.com\/cariri_em_acao\/?hl=pt-br\"><strong>Instagram<\/strong><\/a><strong>\u00a0e <\/strong><a href=\"https:\/\/www.youtube.com\/channel\/UCAptA0jQuYQy8vMhLt2m4qg\"><strong>Youtube<\/strong><\/a><strong>\u00a0e veja nossas mat\u00e9rias, v\u00eddeos e fotos. Voc\u00ea tamb\u00e9m pode enviar informa\u00e7\u00f5es \u00e0 Reda\u00e7\u00e3o do Portal Cariri em A\u00e7\u00e3o pelo WhatsApp (83) 9 9634.5791, (83) 9 9601-1162.<\/strong><\/p>\n","protected":false},"excerpt":{"rendered":"<p>A Cooperativa Cultural Universit\u00e1ria da Para\u00edba (Codisma) est\u00e1 com inscri\u00e7\u00f5es abertas para aproximadamente 200 turmas dos cursos de idiomas. S\u00e3o oito idiomas (ingl\u00eas, espanhol, franc\u00eas,&hellip; <\/p>\n","protected":false},"author":2,"featured_media":10080,"comment_status":"closed","ping_status":"closed","sticky":false,"template":"","format":"standard","meta":{"sfsi_plus_gutenberg_text_before_share":"","sfsi_plus_gutenberg_show_text_before_share":"","sfsi_plus_gutenberg_icon_type":"","sfsi_plus_gutenberg_icon_alignemt":"","sfsi_plus_gutenburg_max_per_row":"","footnotes":""},"categories":[14],"tags":[],"class_list":["post-36375","post","type-post","status-publish","format-standard","has-post-thumbnail","hentry","category-educacao"],"_links":{"self":[{"href":"https:\/\/www.caririemacao.com\/1\/wp-json\/wp\/v2\/posts\/36375","targetHints":{"allow":["GET"]}}],"collection":[{"href":"https:\/\/www.caririemacao.com\/1\/wp-json\/wp\/v2\/posts"}],"about":[{"href":"https:\/\/www.caririemacao.com\/1\/wp-json\/wp\/v2\/types\/post"}],"author":[{"embeddable":true,"href":"https:\/\/www.caririemacao.com\/1\/wp-json\/wp\/v2\/users\/2"}],"replies":[{"embeddable":true,"href":"https:\/\/www.caririemacao.com\/1\/wp-json\/wp\/v2\/comments?post=36375"}],"version-history":[{"count":0,"href":"https:\/\/www.caririemacao.com\/1\/wp-json\/wp\/v2\/posts\/36375\/revisions"}],"wp:featuredmedia":[{"embeddable":true,"href":"https:\/\/www.caririemacao.com\/1\/wp-json\/wp\/v2\/media\/10080"}],"wp:attachment":[{"href":"https:\/\/www.caririemacao.com\/1\/wp-json\/wp\/v2\/media?parent=36375"}],"wp:term":[{"taxonomy":"category","embeddable":true,"href":"https:\/\/www.caririemacao.com\/1\/wp-json\/wp\/v2\/categories?post=36375"},{"taxonomy":"post_tag","embeddable":true,"href":"https:\/\/www.caririemacao.com\/1\/wp-json\/wp\/v2\/tags?post=36375"}],"curies":[{"name":"wp","href":"https:\/\/api.w.org\/{rel}","templated":true}]}}