{"id":36377,"date":"2018-01-05T09:22:43","date_gmt":"2018-01-05T12:22:43","guid":{"rendered":"http:\/\/caririemacao.com\/1\/?p=36377"},"modified":"2018-01-05T09:22:43","modified_gmt":"2018-01-05T12:22:43","slug":"familias-com-renda-ate-25-salarios-minimos-tiveram-inflacao-de-207-em-2017","status":"publish","type":"post","link":"https:\/\/www.caririemacao.com\/1\/2018\/01\/05\/familias-com-renda-ate-25-salarios-minimos-tiveram-inflacao-de-207-em-2017\/","title":{"rendered":"Fam\u00edlias com renda at\u00e9 2,5 sal\u00e1rios m\u00ednimos tiveram infla\u00e7\u00e3o de 2,07% em 2017"},"content":{"rendered":"<p>O \u00cdndice de Pre\u00e7os ao Consumidor \u2013 Classe 1 (IPC-C1), que mede a varia\u00e7\u00e3o de pre\u00e7os da cesta de compras para fam\u00edlias com renda at\u00e9 2,5 sal\u00e1rios m\u00ednimos, fechou 2017 com uma taxa de 2,07%. Segundo a Funda\u00e7\u00e3o Getulio Vargas (FGV), o \u00edndice ficou abaixo dos 6,22% acumulados em 2016.<\/p>\n<p>O IPC-C1 tamb\u00e9m ficou abaixo do \u00cdndice de Pre\u00e7os ao Consumidor \u2013 Brasil, que mede a infla\u00e7\u00e3o para todas as faixas de renda e que fechou o ano de 2017 em 3,23%.<\/p>\n<p>O recuo da taxa do IPC-C1 entre 2016 e 2017 foi provocado principalmente pela defla\u00e7\u00e3o (queda de pre\u00e7os) de 2,06% dos alimentos no ano passado. Em 2016, o grupo de despesas alimenta\u00e7\u00e3o havia registrado infla\u00e7\u00e3o de 7,10%.<\/p>\n<p>Os produtos e servi\u00e7os de comunica\u00e7\u00e3o tamb\u00e9m passaram de uma infla\u00e7\u00e3o em 2016 (3,10%) para uma defla\u00e7\u00e3o em 2017 (-0,31%).<\/p>\n<p>As outras seis classes de despesas do IPC-C1 tiveram infla\u00e7\u00e3o, mas cinco delas tiveram uma alta de pre\u00e7os mais moderada em 2017 do que em 2016: vestu\u00e1rio (passou de uma infla\u00e7\u00e3o de 3,59% para uma taxa de 1,48%), sa\u00fade e cuidados pessoais (de 9,73% para 4,49%), educa\u00e7\u00e3o, leitura e recrea\u00e7\u00e3o (de 8,88% para 5,14%), transportes (de 7,80% para 4,72%) e despesas diversas (de 11,21% para 3,87%).<\/p>\n<p>A \u00fanica classe de despesas que teve aumento da taxa foi a habita\u00e7\u00e3o, cuja infla\u00e7\u00e3o passou de 2,90% em 2016 para 4,49%.<\/p>\n<p>Em dezembro, o IPC-C1 teve uma defla\u00e7\u00e3o de 0,03%, abaixo da infla\u00e7\u00e3o de 0,21% registrada no m\u00eas anterior.<\/p>\n<p><strong>CARIRI EM A\u00c7\u00c3O<\/strong><\/p>\n<p><em>Com EBC \/Foto: Reprodu\u00e7\u00e3o google<\/em><\/p>\n<p><strong>Leia mais not\u00edcias em\u00a0<\/strong><a href=\"http:\/\/www.caririemacao.com\/\"><strong>caririemacao.com<\/strong><\/a><strong>, siga nossa p\u00e1gina no\u00a0<\/strong><a href=\"https:\/\/www.facebook.com\/CaririEmAcao\/?ref=aymt_homepage_panel\"><strong>Facebook<\/strong><\/a>,<strong>\u00a0<\/strong><a href=\"https:\/\/www.instagram.com\/cariri_em_acao\/?hl=pt-br\"><strong>Instagram<\/strong><\/a><strong>\u00a0e <\/strong><a href=\"https:\/\/www.youtube.com\/channel\/UCAptA0jQuYQy8vMhLt2m4qg\"><strong>Youtube<\/strong><\/a><strong>\u00a0e veja nossas mat\u00e9rias, v\u00eddeos e fotos. Voc\u00ea tamb\u00e9m pode enviar informa\u00e7\u00f5es \u00e0 Reda\u00e7\u00e3o do Portal Cariri em A\u00e7\u00e3o pelo WhatsApp (83) 9 9634.5791, (83) 9 9601-1162.<\/strong><\/p>\n","protected":false},"excerpt":{"rendered":"<p>O \u00cdndice de Pre\u00e7os ao Consumidor \u2013 Classe 1 (IPC-C1), que mede a varia\u00e7\u00e3o de pre\u00e7os da cesta de compras para fam\u00edlias com renda at\u00e9&hellip; <\/p>\n","protected":false},"author":2,"featured_media":36378,"comment_status":"closed","ping_status":"closed","sticky":false,"template":"","format":"standard","meta":{"sfsi_plus_gutenberg_text_before_share":"","sfsi_plus_gutenberg_show_text_before_share":"","sfsi_plus_gutenberg_icon_type":"","sfsi_plus_gutenberg_icon_alignemt":"","sfsi_plus_gutenburg_max_per_row":"","footnotes":""},"categories":[2],"tags":[],"class_list":["post-36377","post","type-post","status-publish","format-standard","has-post-thumbnail","hentry","category-geral"],"_links":{"self":[{"href":"https:\/\/www.caririemacao.com\/1\/wp-json\/wp\/v2\/posts\/36377","targetHints":{"allow":["GET"]}}],"collection":[{"href":"https:\/\/www.caririemacao.com\/1\/wp-json\/wp\/v2\/posts"}],"about":[{"href":"https:\/\/www.caririemacao.com\/1\/wp-json\/wp\/v2\/types\/post"}],"author":[{"embeddable":true,"href":"https:\/\/www.caririemacao.com\/1\/wp-json\/wp\/v2\/users\/2"}],"replies":[{"embeddable":true,"href":"https:\/\/www.caririemacao.com\/1\/wp-json\/wp\/v2\/comments?post=36377"}],"version-history":[{"count":0,"href":"https:\/\/www.caririemacao.com\/1\/wp-json\/wp\/v2\/posts\/36377\/revisions"}],"wp:featuredmedia":[{"embeddable":true,"href":"https:\/\/www.caririemacao.com\/1\/wp-json\/wp\/v2\/media\/36378"}],"wp:attachment":[{"href":"https:\/\/www.caririemacao.com\/1\/wp-json\/wp\/v2\/media?parent=36377"}],"wp:term":[{"taxonomy":"category","embeddable":true,"href":"https:\/\/www.caririemacao.com\/1\/wp-json\/wp\/v2\/categories?post=36377"},{"taxonomy":"post_tag","embeddable":true,"href":"https:\/\/www.caririemacao.com\/1\/wp-json\/wp\/v2\/tags?post=36377"}],"curies":[{"name":"wp","href":"https:\/\/api.w.org\/{rel}","templated":true}]}}