{"id":36380,"date":"2018-01-05T09:27:54","date_gmt":"2018-01-05T12:27:54","guid":{"rendered":"http:\/\/caririemacao.com\/1\/?p=36380"},"modified":"2018-01-05T09:27:54","modified_gmt":"2018-01-05T12:27:54","slug":"oms-aprova-primeira-vacina-contra-febre-tifoide-para-uso-em-bebes","status":"publish","type":"post","link":"https:\/\/www.caririemacao.com\/1\/2018\/01\/05\/oms-aprova-primeira-vacina-contra-febre-tifoide-para-uso-em-bebes\/","title":{"rendered":"OMS aprova primeira vacina contra febre tifoide para uso em beb\u00eas"},"content":{"rendered":"<p>A Organiza\u00e7\u00e3o Mundial da Sa\u00fade (OMS) aprovou no fim de dezembro a primeira vacina para a febre tifoide que pode ser ampliada em crian\u00e7as maiores de 6 meses.<br \/>\nA informa\u00e7\u00e3o foi divulgada pelo organismo nesta quarta-feira (03). As vacinas conjugadas contra a febre tifoide (TCV, na sigla em ingl\u00eas) s\u00e3o inovadoras por gerarem uma imunidade maior do que as mais antigas, requerem menos doses e podem ser administradas em crian\u00e7as pequenas por meio de programas rotineiros de imuniza\u00e7\u00e3o.<\/p>\n<p>Outras vacinas tamb\u00e9m foram aprovadas internacionalmente para serem usadas em humanas, mas s\u00f3 a partir dos dois anos.<br \/>\nO aval da OMS faz com que a vacina possa ser adquirida pelas demais ag\u00eancias da ONU, como o Fundo das Na\u00e7\u00f5es Unidas para a Inf\u00e2ncia (Unicef) e a Gavi, a Alian\u00e7a Mundial para Vacinas.<\/p>\n<p>A decis\u00e3o foi tomada depois de o grupo de especialistas de assessoria estrat\u00e9gica sobre imuniza\u00e7\u00e3o, que aconselha a OMS, ter recomendado em outubro de 2017 a TCV para uso rotineiro em crian\u00e7as maiores de seis meses em pa\u00edses onde a febre tifoide \u00e9 end\u00eamica.<\/p>\n<p>O grupo de especialistas recomendou, al\u00e9m disso, a introdu\u00e7\u00e3o da vacina conjugada de maneira priorit\u00e1ria em pa\u00edses com as taxas mais elevadas de febre tifoide ou de resist\u00eancia antibi\u00f3tica \u00e0 bact\u00e9ria Salmonella Typhi, que causa a doen\u00e7a.<\/p>\n<p>O uso da vacina tamb\u00e9m deve ajudar a conter o uso frequente de antibi\u00f3ticos contra a doen\u00e7a e, portanto, auxiliar a reduzir o &#8220;alarmante aumento&#8221; da resist\u00eancia da bact\u00e9ria aos medicamentos.<br \/>\nPouco depois da recomenda\u00e7\u00e3o do grupo de especialistas, o conselho da Gavi aprovou um financiamento de US$ 85 milh\u00f5es para adotar o uso da TCV a partir de 2019.<\/p>\n<p>A febre tifoide \u00e9 uma infec\u00e7\u00e3o grave, \u00e0s vezes mortal, contra\u00edda atrav\u00e9s da \u00e1gua ou alimentos contaminados. Entre os sintomas da doen\u00e7a est\u00e3o febre, cansa\u00e7o, dor de cabe\u00e7a, de est\u00f4mago, diarreia e resfriados.<\/p>\n<p>Para milh\u00f5es de pessoas em pa\u00edses pobres, a doen\u00e7a \u00e9 uma realidade di\u00e1ria. A cada ano s\u00e3o registrados entre 11 milh\u00f5es e 20 milh\u00f5es de casos, al\u00e9m de cerca de 161 mil mortes.<\/p>\n<p><strong>CARIRI EM A\u00c7\u00c3O<\/strong><\/p>\n<p><em>Com\u00a0<\/em>Ag\u00eancia Brasil<em>\u00a0\/Foto: Reprodu\u00e7\u00e3o google<\/em><\/p>\n<p><strong>Leia mais not\u00edcias em\u00a0<\/strong><a href=\"http:\/\/www.caririemacao.com\/\"><strong>caririemacao.com<\/strong><\/a><strong>, siga nossa p\u00e1gina no\u00a0<\/strong><a href=\"https:\/\/www.facebook.com\/CaririEmAcao\/?ref=aymt_homepage_panel\"><strong>Facebook<\/strong><\/a>,<strong>\u00a0<\/strong><a href=\"https:\/\/www.instagram.com\/cariri_em_acao\/?hl=pt-br\"><strong>Instagram<\/strong><\/a><strong>\u00a0e <\/strong><a href=\"https:\/\/www.youtube.com\/channel\/UCAptA0jQuYQy8vMhLt2m4qg\"><strong>Youtube<\/strong><\/a><strong>\u00a0e veja nossas mat\u00e9rias, v\u00eddeos e fotos. Voc\u00ea tamb\u00e9m pode enviar informa\u00e7\u00f5es \u00e0 Reda\u00e7\u00e3o do Portal Cariri em A\u00e7\u00e3o pelo WhatsApp (83) 9 9634.5791, (83) 9 9601-1162.<\/strong><\/p>\n","protected":false},"excerpt":{"rendered":"<p>A Organiza\u00e7\u00e3o Mundial da Sa\u00fade (OMS) aprovou no fim de dezembro a primeira vacina para a febre tifoide que pode ser ampliada em crian\u00e7as maiores&hellip; <\/p>\n","protected":false},"author":2,"featured_media":17862,"comment_status":"closed","ping_status":"closed","sticky":false,"template":"","format":"standard","meta":{"sfsi_plus_gutenberg_text_before_share":"","sfsi_plus_gutenberg_show_text_before_share":"","sfsi_plus_gutenberg_icon_type":"","sfsi_plus_gutenberg_icon_alignemt":"","sfsi_plus_gutenburg_max_per_row":"","footnotes":""},"categories":[16],"tags":[],"class_list":["post-36380","post","type-post","status-publish","format-standard","has-post-thumbnail","hentry","category-saude"],"_links":{"self":[{"href":"https:\/\/www.caririemacao.com\/1\/wp-json\/wp\/v2\/posts\/36380","targetHints":{"allow":["GET"]}}],"collection":[{"href":"https:\/\/www.caririemacao.com\/1\/wp-json\/wp\/v2\/posts"}],"about":[{"href":"https:\/\/www.caririemacao.com\/1\/wp-json\/wp\/v2\/types\/post"}],"author":[{"embeddable":true,"href":"https:\/\/www.caririemacao.com\/1\/wp-json\/wp\/v2\/users\/2"}],"replies":[{"embeddable":true,"href":"https:\/\/www.caririemacao.com\/1\/wp-json\/wp\/v2\/comments?post=36380"}],"version-history":[{"count":0,"href":"https:\/\/www.caririemacao.com\/1\/wp-json\/wp\/v2\/posts\/36380\/revisions"}],"wp:featuredmedia":[{"embeddable":true,"href":"https:\/\/www.caririemacao.com\/1\/wp-json\/wp\/v2\/media\/17862"}],"wp:attachment":[{"href":"https:\/\/www.caririemacao.com\/1\/wp-json\/wp\/v2\/media?parent=36380"}],"wp:term":[{"taxonomy":"category","embeddable":true,"href":"https:\/\/www.caririemacao.com\/1\/wp-json\/wp\/v2\/categories?post=36380"},{"taxonomy":"post_tag","embeddable":true,"href":"https:\/\/www.caririemacao.com\/1\/wp-json\/wp\/v2\/tags?post=36380"}],"curies":[{"name":"wp","href":"https:\/\/api.w.org\/{rel}","templated":true}]}}