{"id":36387,"date":"2018-01-05T09:52:34","date_gmt":"2018-01-05T12:52:34","guid":{"rendered":"http:\/\/caririemacao.com\/1\/?p=36387"},"modified":"2018-01-05T09:52:34","modified_gmt":"2018-01-05T12:52:34","slug":"jungmann-e-contra-exercito-em-porto-alegre-para-julgamento-de-lula","status":"publish","type":"post","link":"https:\/\/www.caririemacao.com\/1\/2018\/01\/05\/jungmann-e-contra-exercito-em-porto-alegre-para-julgamento-de-lula\/","title":{"rendered":"Jungmann \u00e9 contra Ex\u00e9rcito em Porto Alegre para julgamento de Lula"},"content":{"rendered":"<p>O ministro da Defesa, Raul Jungmann, disse ao\u00a0Estado\u00a0que discorda com o emprego das For\u00e7as Armadas em Porto Alegre, como refor\u00e7o \u00e0 seguran\u00e7a da cidade, no dia 24 de janeiro, durante o julgamento do ex-presidente Luiz In\u00e1cio Lula da Silva. Na \u00faltima quarta-feira, o prefeito da capital ga\u00facha, Nelson Marchezan J\u00fanior, do PSDB,solicitou apoio do Ex\u00e9rcito e da For\u00e7a Nacional\u00a0para o dia do julgamento como medida preventiva aos protestos que est\u00e3o sendo organizados por militantes do PT.<\/p>\n<p>&#8220;N\u00e3o cabe \u00e0 Prefeitura de Porto Alegre solicitar o emprego de For\u00e7as Armadas. Somente ao governo do Estado, e se houver perda de controle, o que n\u00e3o \u00e9 o caso&#8221;, declarou o ministro, acrescentando: &#8220;tampouco acho que haver\u00e1 necessidade&#8221;.<\/p>\n<p>Jungmann argumentou que a Pol\u00edcia Militar de Porto Alegre &#8220;\u00e9 muito bem preparada e equipada e sabe agir (em casos de dist\u00farbio)&#8221;. Ele avaliou que &#8220;est\u00e3o maximizando esta situa\u00e7\u00e3o&#8221;. Jungmann avisou ainda que, ser\u00e1 contra caso haja um novo pedido de emprego das tropas federais em Porto Alegre.<\/p>\n<p>Lula, que ser\u00e1 julgado no Tribunal Federal Reginal da 4\u00aa Regi\u00e3o, j\u00e1 foi condenado em primeira inst\u00e2ncia a nove anos e seis meses de pris\u00e3o por corrup\u00e7\u00e3o passiva e lavagem de dinheiro, no caso do tr\u00edplex do Guaruj\u00e1. Se a condena\u00e7\u00e3o for confirmada, o petista pode ser impedido de disputar a elei\u00e7\u00e3o presidencial deste ano.<\/p>\n<p>De acordo com nota divulgada pelo prefeito tucano, l\u00edderes pol\u00edticos convocaram uma &#8220;invas\u00e3o&#8221; em Porto Alegre. Ele utilizou esta justificativa para defender a necessidade de refor\u00e7o militar para &#8220;preservar a integridade dos cidad\u00e3os e do patrim\u00f4nio coletivo&#8221;.<\/p>\n<p>Ao se declarar contra o envio de tropas do Ex\u00e9rcito na capital ga\u00facha, Jungmann insistiu que o pedido preventivo n\u00e3o encontra nenhum amparo legal.<\/p>\n<p>&#8220;Sen\u00e3o, poder\u00edamos ter prefeito dos seis mil munic\u00edpios pedindo a mesma coisa, em caso de problemas em suas cidades&#8221;, observou.<\/p>\n<p><strong>CARIRI EM A\u00c7\u00c3O<\/strong><\/p>\n<p><em>Com Msn\/Foto: Reprodu\u00e7\u00e3o google<\/em><em>\u00a0\u00a0<\/em><\/p>\n<p><strong>Leia mais not\u00edcias em\u00a0<\/strong><a href=\"http:\/\/www.caririemacao.com\/\"><strong>caririemacao.com<\/strong><\/a><strong>, siga nossa p\u00e1gina no\u00a0<\/strong><a href=\"https:\/\/www.facebook.com\/CaririEmAcao\/?ref=aymt_homepage_panel\"><strong>Facebook<\/strong><\/a>,<strong>\u00a0<\/strong><a href=\"https:\/\/www.instagram.com\/cariri_em_acao\/?hl=pt-br\"><strong>Instagram<\/strong><\/a><strong>\u00a0e <\/strong><a href=\"https:\/\/www.youtube.com\/channel\/UCAptA0jQuYQy8vMhLt2m4qg\"><strong>Youtube<\/strong><\/a><strong>\u00a0e veja nossas mat\u00e9rias, v\u00eddeos e fotos. Voc\u00ea tamb\u00e9m pode enviar informa\u00e7\u00f5es \u00e0 Reda\u00e7\u00e3o do Portal Cariri em A\u00e7\u00e3o pelo WhatsApp (83) 9 9634.5791, (83) 9 9601-1162.<\/strong><\/p>\n","protected":false},"excerpt":{"rendered":"<p>O ministro da Defesa, Raul Jungmann, disse ao\u00a0Estado\u00a0que discorda com o emprego das For\u00e7as Armadas em Porto Alegre, como refor\u00e7o \u00e0 seguran\u00e7a da cidade, no&hellip; <\/p>\n","protected":false},"author":2,"featured_media":36388,"comment_status":"closed","ping_status":"closed","sticky":false,"template":"","format":"standard","meta":{"sfsi_plus_gutenberg_text_before_share":"","sfsi_plus_gutenberg_show_text_before_share":"","sfsi_plus_gutenberg_icon_type":"","sfsi_plus_gutenberg_icon_alignemt":"","sfsi_plus_gutenburg_max_per_row":"","footnotes":""},"categories":[11],"tags":[],"class_list":["post-36387","post","type-post","status-publish","format-standard","has-post-thumbnail","hentry","category-politica"],"_links":{"self":[{"href":"https:\/\/www.caririemacao.com\/1\/wp-json\/wp\/v2\/posts\/36387","targetHints":{"allow":["GET"]}}],"collection":[{"href":"https:\/\/www.caririemacao.com\/1\/wp-json\/wp\/v2\/posts"}],"about":[{"href":"https:\/\/www.caririemacao.com\/1\/wp-json\/wp\/v2\/types\/post"}],"author":[{"embeddable":true,"href":"https:\/\/www.caririemacao.com\/1\/wp-json\/wp\/v2\/users\/2"}],"replies":[{"embeddable":true,"href":"https:\/\/www.caririemacao.com\/1\/wp-json\/wp\/v2\/comments?post=36387"}],"version-history":[{"count":0,"href":"https:\/\/www.caririemacao.com\/1\/wp-json\/wp\/v2\/posts\/36387\/revisions"}],"wp:featuredmedia":[{"embeddable":true,"href":"https:\/\/www.caririemacao.com\/1\/wp-json\/wp\/v2\/media\/36388"}],"wp:attachment":[{"href":"https:\/\/www.caririemacao.com\/1\/wp-json\/wp\/v2\/media?parent=36387"}],"wp:term":[{"taxonomy":"category","embeddable":true,"href":"https:\/\/www.caririemacao.com\/1\/wp-json\/wp\/v2\/categories?post=36387"},{"taxonomy":"post_tag","embeddable":true,"href":"https:\/\/www.caririemacao.com\/1\/wp-json\/wp\/v2\/tags?post=36387"}],"curies":[{"name":"wp","href":"https:\/\/api.w.org\/{rel}","templated":true}]}}