{"id":36390,"date":"2018-01-05T10:05:56","date_gmt":"2018-01-05T13:05:56","guid":{"rendered":"http:\/\/caririemacao.com\/1\/?p=36390"},"modified":"2018-01-05T10:05:56","modified_gmt":"2018-01-05T13:05:56","slug":"temer-ainda-tera-de-trocar-13-ministros-em-ate-3-meses","status":"publish","type":"post","link":"https:\/\/www.caririemacao.com\/1\/2018\/01\/05\/temer-ainda-tera-de-trocar-13-ministros-em-ate-3-meses\/","title":{"rendered":"Temer ainda ter\u00e1 de trocar 13 ministros em at\u00e9 3 meses"},"content":{"rendered":"<p>Ap\u00f3s tr\u00eas trocas em menos de um m\u00eas, o presidente Michel Temer ter\u00e1 de mudar pelo menos mais 13 ministros at\u00e9 abril, quando termina o prazo para candidatos se afastarem de cargos p\u00fablicos. Desse total, dez j\u00e1 disseram que pretendem se candidatar e tr\u00eas afirmam que v\u00e3o decidir at\u00e9 o prazo final.<\/p>\n<p>\u201cO cargo sempre \u00e9 do presidente, mas pretendo ficar at\u00e9 o fim do prazo legal\u201d, disse o ministro da Agricultura, Blairo Maggi (PP-MT), candidato \u00e0 reelei\u00e7\u00e3o no Senado.<\/p>\n<p>Tamb\u00e9m est\u00e3o de sa\u00edda do governo at\u00e9 abril Ricardo Barros (PP-PR), da Sa\u00fade; Osmar Terra (MDB-RS), do Desenvolvimento Social; Sarney Filho (PV-MA), do Meio Ambiente; Leonardo Picciani (MDB-RJ), do Esporte; Marx Beltr\u00e3o (MDB-AL), do Turismo; Maur\u00edcio Quintella Lessa (PR-AL), dos Transportes; Fernando Coelho Filho (sem partido-PE), de Minas e Energia; Aloysio Nunes (PSDB-SP), do Itamaraty; e Mendon\u00e7a Filho (DEM-PE), da Educa\u00e7\u00e3o.<\/p>\n<p>Barros reafirmou nesta quainta-feira, 4, que ser\u00e1 candidato a deputado federal no Paran\u00e1. \u201cFico no cargo o tempo que o presidente determinar. Mas a data limite \u00e9 dia 7 (<em>de abril<\/em>), o prazo que a lei imp\u00f5e.\u201d<\/p>\n<p>O Planalto descarta promover uma reforma de uma s\u00f3 vez, como chegou a ser cogitado no fim do ano. Tanto o ministro Eliseu Padilha (Casa Civil) como Moreira Franco (Secretaria-Geral) afirmam agora que a reforma ser\u00e1 paulatina. A Presid\u00eancia quer deixar os minist\u00e9rios nas m\u00e3os dos mesmos partidos para evitar problemas em vota\u00e7\u00f5es importantes, como a da Previd\u00eancia.<\/p>\n<p>Nos \u00faltimos dois meses, Temer trocou titulares de quatro pastas. No Trabalho, Ronaldo Nogueira (PTB-RS) cedeu lugar a Cristiane Brasil (PTB-RJ). Nas Cidades, Bruno Ara\u00fajo (PSDB-PE) foi substitu\u00eddo por Alexandre Baldy (sem partido-GO). Na Secretaria de Governo, Ant\u00f4nio Imbassahy (PSDB-BA) deu lugar a Carlos Marun (MDB-MS). Um dos presidenci\u00e1veis que podem ter apoio do Planalto, o ministro da Fazenda, Henrique Meirelles (PSD), repetiu nesta quinta-feira que avaliar\u00e1 uma candidatura apenas em abril.<\/p>\n<div id=\"facebookWidget\" data-aop=\"facebookWidget\" data-id=\"1024\" data-m=\"{\"><strong>CARIRI EM A\u00c7\u00c3O<\/strong><em>Com Estad\u00e3o\/Foto: Reprodu\u00e7\u00e3o google<\/em><\/p>\n<p><strong>Leia mais not\u00edcias em\u00a0<\/strong><a href=\"http:\/\/www.caririemacao.com\/\"><strong>caririemacao.com<\/strong><\/a><strong>, siga nossa p\u00e1gina no\u00a0<\/strong><a href=\"https:\/\/www.facebook.com\/CaririEmAcao\/?ref=aymt_homepage_panel\"><strong>Facebook<\/strong><\/a>,<strong>\u00a0<\/strong><a href=\"https:\/\/www.instagram.com\/cariri_em_acao\/?hl=pt-br\"><strong>Instagram<\/strong><\/a><strong>\u00a0e <\/strong><a href=\"https:\/\/www.youtube.com\/channel\/UCAptA0jQuYQy8vMhLt2m4qg\"><strong>Youtube<\/strong><\/a><strong>\u00a0e veja nossas mat\u00e9rias, v\u00eddeos e fotos. Voc\u00ea tamb\u00e9m pode enviar informa\u00e7\u00f5es \u00e0 Reda\u00e7\u00e3o do Portal Cariri em A\u00e7\u00e3o pelo WhatsApp (83) 9 9634.5791, (83) 9 9601-1162.<\/strong><\/p>\n<\/div>\n","protected":false},"excerpt":{"rendered":"<p>Ap\u00f3s tr\u00eas trocas em menos de um m\u00eas, o presidente Michel Temer ter\u00e1 de mudar pelo menos mais 13 ministros at\u00e9 abril, quando termina o&hellip; <\/p>\n","protected":false},"author":2,"featured_media":20181,"comment_status":"closed","ping_status":"closed","sticky":false,"template":"","format":"standard","meta":{"sfsi_plus_gutenberg_text_before_share":"","sfsi_plus_gutenberg_show_text_before_share":"","sfsi_plus_gutenberg_icon_type":"","sfsi_plus_gutenberg_icon_alignemt":"","sfsi_plus_gutenburg_max_per_row":"","footnotes":""},"categories":[11],"tags":[],"class_list":["post-36390","post","type-post","status-publish","format-standard","has-post-thumbnail","hentry","category-politica"],"_links":{"self":[{"href":"https:\/\/www.caririemacao.com\/1\/wp-json\/wp\/v2\/posts\/36390","targetHints":{"allow":["GET"]}}],"collection":[{"href":"https:\/\/www.caririemacao.com\/1\/wp-json\/wp\/v2\/posts"}],"about":[{"href":"https:\/\/www.caririemacao.com\/1\/wp-json\/wp\/v2\/types\/post"}],"author":[{"embeddable":true,"href":"https:\/\/www.caririemacao.com\/1\/wp-json\/wp\/v2\/users\/2"}],"replies":[{"embeddable":true,"href":"https:\/\/www.caririemacao.com\/1\/wp-json\/wp\/v2\/comments?post=36390"}],"version-history":[{"count":0,"href":"https:\/\/www.caririemacao.com\/1\/wp-json\/wp\/v2\/posts\/36390\/revisions"}],"wp:featuredmedia":[{"embeddable":true,"href":"https:\/\/www.caririemacao.com\/1\/wp-json\/wp\/v2\/media\/20181"}],"wp:attachment":[{"href":"https:\/\/www.caririemacao.com\/1\/wp-json\/wp\/v2\/media?parent=36390"}],"wp:term":[{"taxonomy":"category","embeddable":true,"href":"https:\/\/www.caririemacao.com\/1\/wp-json\/wp\/v2\/categories?post=36390"},{"taxonomy":"post_tag","embeddable":true,"href":"https:\/\/www.caririemacao.com\/1\/wp-json\/wp\/v2\/tags?post=36390"}],"curies":[{"name":"wp","href":"https:\/\/api.w.org\/{rel}","templated":true}]}}