{"id":36392,"date":"2018-01-05T10:13:29","date_gmt":"2018-01-05T13:13:29","guid":{"rendered":"http:\/\/caririemacao.com\/1\/?p=36392"},"modified":"2018-01-05T10:13:29","modified_gmt":"2018-01-05T13:13:29","slug":"rueda-segue-em-silencio-mas-novela-sobre-futuro-esta-perto-do-fim","status":"publish","type":"post","link":"https:\/\/www.caririemacao.com\/1\/2018\/01\/05\/rueda-segue-em-silencio-mas-novela-sobre-futuro-esta-perto-do-fim\/","title":{"rendered":"Rueda segue em sil\u00eancio, mas novela sobre futuro est\u00e1 perto do fim"},"content":{"rendered":"<p>Outra novela que vem se arrastando desde o fim do ano passado \u00e9 sobre o futuro de Reinaldo Rueda. O treinador segue de f\u00e9rias na Col\u00f4mbia e \u00e9 um dos favoritos para assumir a sele\u00e7\u00e3o chilena. No Rubro-Negro, todos esperam pela sua reapresenta\u00e7\u00e3o que est\u00e1 marcada para a pr\u00f3xima segunda-feira, dia 8 de janeiro.<\/p>\n<p>A imprensa chilena s\u00f3 falou de Rueda nos \u00faltimos dias e chegaram at\u00e9 a cravar o acerto do treinador com a La Roja, mas atualmente o cen\u00e1rio \u00e9 outro. Por l\u00e1, come\u00e7am a surgir at\u00e9 outros nomes caso o colombiano continue no Flamengo.<\/p>\n<p>Um dos motivos do Flamengo tamb\u00e9m n\u00e3o ter anunciado ningu\u00e9m at\u00e9 o momento \u00e9 por conta dessa indefini\u00e7\u00e3o do treinador. Os nomes de Zeca, Pablo e Walace seguem em pauta, mas at\u00e9 o momento n\u00e3o h\u00e1 nenhuma novidade sobre os tr\u00eas.<\/p>\n<p>Aos poucos o elenco vai se reapresentando e o primeiro compromisso da temporada ser\u00e1 no dia 17 de janeiro, contra o Volta Redonda, \u00e0s 21h45, no est\u00e1dio Raulino de Oliveira. O Rubro-Negro entra na competi\u00e7\u00e3o como o atual campe\u00e3o.<\/p>\n<p><strong>CARIRI EM A\u00c7\u00c3O<\/strong><\/p>\n<p><em>Com lance\/Foto: Reprodu\u00e7\u00e3o google\u00a0<\/em><\/p>\n<p><strong>Leia mais not\u00edcias em\u00a0<\/strong><a href=\"http:\/\/www.caririemacao.com\/\"><strong>caririemacao.com<\/strong><\/a><strong>, siga nossa p\u00e1gina no\u00a0<\/strong><a href=\"https:\/\/www.facebook.com\/CaririEmAcao\/?ref=aymt_homepage_panel\"><strong>Facebook<\/strong><\/a>,<strong>\u00a0<\/strong><a href=\"https:\/\/www.instagram.com\/cariri_em_acao\/?hl=pt-br\"><strong>Instagram<\/strong><\/a><strong>\u00a0e <\/strong><a href=\"https:\/\/www.youtube.com\/channel\/UCAptA0jQuYQy8vMhLt2m4qg\"><strong>Youtube<\/strong><\/a><strong>\u00a0e veja nossas mat\u00e9rias, v\u00eddeos e fotos. Voc\u00ea tamb\u00e9m pode enviar informa\u00e7\u00f5es \u00e0 Reda\u00e7\u00e3o do Portal Cariri em A\u00e7\u00e3o pelo WhatsApp (83) 9 9634.5791, (83) 9 9601-1162.<\/strong><\/p>\n","protected":false},"excerpt":{"rendered":"<p>Outra novela que vem se arrastando desde o fim do ano passado \u00e9 sobre o futuro de Reinaldo Rueda. O treinador segue de f\u00e9rias na&hellip; <\/p>\n","protected":false},"author":2,"featured_media":36393,"comment_status":"closed","ping_status":"closed","sticky":false,"template":"","format":"standard","meta":{"sfsi_plus_gutenberg_text_before_share":"","sfsi_plus_gutenberg_show_text_before_share":"","sfsi_plus_gutenberg_icon_type":"","sfsi_plus_gutenberg_icon_alignemt":"","sfsi_plus_gutenburg_max_per_row":"","footnotes":""},"categories":[13],"tags":[],"class_list":["post-36392","post","type-post","status-publish","format-standard","has-post-thumbnail","hentry","category-esportes"],"_links":{"self":[{"href":"https:\/\/www.caririemacao.com\/1\/wp-json\/wp\/v2\/posts\/36392","targetHints":{"allow":["GET"]}}],"collection":[{"href":"https:\/\/www.caririemacao.com\/1\/wp-json\/wp\/v2\/posts"}],"about":[{"href":"https:\/\/www.caririemacao.com\/1\/wp-json\/wp\/v2\/types\/post"}],"author":[{"embeddable":true,"href":"https:\/\/www.caririemacao.com\/1\/wp-json\/wp\/v2\/users\/2"}],"replies":[{"embeddable":true,"href":"https:\/\/www.caririemacao.com\/1\/wp-json\/wp\/v2\/comments?post=36392"}],"version-history":[{"count":0,"href":"https:\/\/www.caririemacao.com\/1\/wp-json\/wp\/v2\/posts\/36392\/revisions"}],"wp:featuredmedia":[{"embeddable":true,"href":"https:\/\/www.caririemacao.com\/1\/wp-json\/wp\/v2\/media\/36393"}],"wp:attachment":[{"href":"https:\/\/www.caririemacao.com\/1\/wp-json\/wp\/v2\/media?parent=36392"}],"wp:term":[{"taxonomy":"category","embeddable":true,"href":"https:\/\/www.caririemacao.com\/1\/wp-json\/wp\/v2\/categories?post=36392"},{"taxonomy":"post_tag","embeddable":true,"href":"https:\/\/www.caririemacao.com\/1\/wp-json\/wp\/v2\/tags?post=36392"}],"curies":[{"name":"wp","href":"https:\/\/api.w.org\/{rel}","templated":true}]}}