{"id":36398,"date":"2018-01-05T10:27:34","date_gmt":"2018-01-05T13:27:34","guid":{"rendered":"http:\/\/caririemacao.com\/1\/?p=36398"},"modified":"2018-01-05T10:27:57","modified_gmt":"2018-01-05T13:27:57","slug":"miopia-aumenta-as-chances-de-glaucoma-e-catarata-precoce","status":"publish","type":"post","link":"https:\/\/www.caririemacao.com\/1\/2018\/01\/05\/miopia-aumenta-as-chances-de-glaucoma-e-catarata-precoce\/","title":{"rendered":"Miopia aumenta as chances de glaucoma e catarata precoce"},"content":{"rendered":"<div class=\"mc-column content-media content-media--normal content-video\" data-block-type=\"backstage-video\" data-block-id=\"0\">\n<div class=\"content-media__description-centered\">\n<p class=\"content-media__description\">Cada vez mais jovens e crian\u00e7as est\u00e3o usando \u00f3culos. A pediatra e consultora do Bem Estar Ana Escobar fez um alerta no programa de sexta-feira (5): computador, tablet e celular podem ser a raz\u00e3o para o aumento da miopia entre os adolescentes. \u00c9 preciso aten\u00e7\u00e3o porque a miopia aumenta as chances de glaucoma e catarata precoce, como explicou o oftalmologista Leonardo Cunha.<\/p>\n<\/div>\n<\/div>\n<div class=\"mc-column content-text active-extra-styles \" data-block-type=\"unstyled\" data-block-weight=\"11\" data-block-id=\"3\">\n<p class=\"content-text__container \" data-track-category=\"Link no Texto\" data-track-links=\"\">Os especialistas d\u00e3o algumas dicas para a boa sa\u00fade dos olhos:<\/p>\n<\/div>\n<div class=\"mc-column content-text active-extra-styles\" data-block-type=\"raw\" data-block-weight=\"55\" data-block-id=\"4\">\n<ul class=\"content-unordered-list\">\n<li>Fa\u00e7a pausas a cada 1h30 e olhe para o horizonte<\/li>\n<li>A dist\u00e2ncia do olho para a tela do celular deve ser de cerca de dois palmos. A cabe\u00e7a n\u00e3o pode ficar muito inclinada para frente<\/li>\n<li>Fique mais tempo ao ar livre<\/li>\n<li>Crian\u00e7as a partir dos dois anos devem ir ao oftalmologista<\/li>\n<li>N\u00e3o leia no escuro<\/li>\n<\/ul>\n<\/div>\n<div class=\"mc-column content-text active-extra-styles \" data-block-type=\"unstyled\" data-block-weight=\"1\" data-block-id=\"5\">\n<p class=\"content-text__container \" data-track-category=\"Link no Texto\" data-track-links=\"\"><strong>Miopia<\/strong><\/p>\n<\/div>\n<div class=\"mc-column content-text active-extra-styles \" data-block-type=\"unstyled\" data-block-weight=\"42\" data-block-id=\"6\">\n<p class=\"content-text__container \" data-track-category=\"Link no Texto\" data-track-links=\"\">A miopia \u00e9 a dificuldade de enxergar de longe. Entre os sinais est\u00e3o a perda de foco, dor de cabe\u00e7a, dificuldade de concentra\u00e7\u00e3o, enjoo, vermelhid\u00e3o e ard\u00eancia nos olhos. O tratamento \u00e9 feito com leite de contato, \u00f3culos ou cirurgia de refra\u00e7\u00e3o.<\/p>\n<\/div>\n<div class=\"mc-column content-text active-extra-styles \" data-block-type=\"unstyled\" data-block-weight=\"46\" data-block-id=\"7\">\n<p class=\"content-text__container \" data-track-category=\"Link no Texto\" data-track-links=\"\">A miopia n\u00e3o \u00e9 doen\u00e7a. \u00c9 um grau natural dos olhos, que dificulta a vis\u00e3o \u00e0 dist\u00e2ncia. Ela tamb\u00e9m n\u00e3o leva \u00e0 cegueira e n\u00e3o tem uma causa definida. Ela costuma aparecer na fase adulta, mas tamb\u00e9m pode surgir aos 20 anos e at\u00e9 em crian\u00e7as.<\/p>\n<p><strong>CARIRI EM A\u00c7\u00c3O<\/strong><\/p>\n<p><em>Com G1 \/Foto: Reprodu\u00e7\u00e3o google<\/em><\/p>\n<p><strong>Leia mais not\u00edcias em\u00a0<\/strong><a href=\"http:\/\/www.caririemacao.com\/\"><strong>caririemacao.com<\/strong><\/a><strong>, siga nossa p\u00e1gina no\u00a0<\/strong><a href=\"https:\/\/www.facebook.com\/CaririEmAcao\/?ref=aymt_homepage_panel\"><strong>Facebook<\/strong><\/a>,<strong>\u00a0<\/strong><a href=\"https:\/\/www.instagram.com\/cariri_em_acao\/?hl=pt-br\"><strong>Instagram<\/strong><\/a><strong>\u00a0e <\/strong><a href=\"https:\/\/www.youtube.com\/channel\/UCAptA0jQuYQy8vMhLt2m4qg\"><strong>Youtube<\/strong><\/a><strong>\u00a0e veja nossas mat\u00e9rias, v\u00eddeos e fotos. Voc\u00ea tamb\u00e9m pode enviar informa\u00e7\u00f5es \u00e0 Reda\u00e7\u00e3o do Portal Cariri em A\u00e7\u00e3o pelo WhatsApp (83) 9 9634.5791, (83) 9 9601-1162.<\/strong><\/p>\n<\/div>\n","protected":false},"excerpt":{"rendered":"<p>Cada vez mais jovens e crian\u00e7as est\u00e3o usando \u00f3culos. A pediatra e consultora do Bem Estar Ana Escobar fez um alerta no programa de sexta-feira&hellip; <\/p>\n","protected":false},"author":2,"featured_media":36399,"comment_status":"closed","ping_status":"closed","sticky":false,"template":"","format":"standard","meta":{"sfsi_plus_gutenberg_text_before_share":"","sfsi_plus_gutenberg_show_text_before_share":"","sfsi_plus_gutenberg_icon_type":"","sfsi_plus_gutenberg_icon_alignemt":"","sfsi_plus_gutenburg_max_per_row":"","footnotes":""},"categories":[16],"tags":[],"class_list":["post-36398","post","type-post","status-publish","format-standard","has-post-thumbnail","hentry","category-saude"],"_links":{"self":[{"href":"https:\/\/www.caririemacao.com\/1\/wp-json\/wp\/v2\/posts\/36398","targetHints":{"allow":["GET"]}}],"collection":[{"href":"https:\/\/www.caririemacao.com\/1\/wp-json\/wp\/v2\/posts"}],"about":[{"href":"https:\/\/www.caririemacao.com\/1\/wp-json\/wp\/v2\/types\/post"}],"author":[{"embeddable":true,"href":"https:\/\/www.caririemacao.com\/1\/wp-json\/wp\/v2\/users\/2"}],"replies":[{"embeddable":true,"href":"https:\/\/www.caririemacao.com\/1\/wp-json\/wp\/v2\/comments?post=36398"}],"version-history":[{"count":0,"href":"https:\/\/www.caririemacao.com\/1\/wp-json\/wp\/v2\/posts\/36398\/revisions"}],"wp:featuredmedia":[{"embeddable":true,"href":"https:\/\/www.caririemacao.com\/1\/wp-json\/wp\/v2\/media\/36399"}],"wp:attachment":[{"href":"https:\/\/www.caririemacao.com\/1\/wp-json\/wp\/v2\/media?parent=36398"}],"wp:term":[{"taxonomy":"category","embeddable":true,"href":"https:\/\/www.caririemacao.com\/1\/wp-json\/wp\/v2\/categories?post=36398"},{"taxonomy":"post_tag","embeddable":true,"href":"https:\/\/www.caririemacao.com\/1\/wp-json\/wp\/v2\/tags?post=36398"}],"curies":[{"name":"wp","href":"https:\/\/api.w.org\/{rel}","templated":true}]}}