{"id":36403,"date":"2018-01-06T07:45:09","date_gmt":"2018-01-06T10:45:09","guid":{"rendered":"http:\/\/caririemacao.com\/1\/?p=36403"},"modified":"2018-01-06T07:45:09","modified_gmt":"2018-01-06T10:45:09","slug":"pf-questiona-temer-em-inquerito-sobre-portos","status":"publish","type":"post","link":"https:\/\/www.caririemacao.com\/1\/2018\/01\/06\/pf-questiona-temer-em-inquerito-sobre-portos\/","title":{"rendered":"PF questiona Temer em inqu\u00e9rito sobre portos"},"content":{"rendered":"<p>A Presid\u00eancia da Rep\u00fablica recebeu na \u00faltima quarta-feira a lista de 50 perguntas que comp\u00f5em o interrogat\u00f3rio por escrito do presidente Michel Temer no inqu\u00e9rito sobre decreto que mudou regras do sistema portu\u00e1rio, informou \u00e0 Reuters o Pal\u00e1cio do Planalto.<\/p>\n<p>Temer \u00e9 investigado sob suspeita de corrup\u00e7\u00e3o passiva e lavagem de dinheiro na edi\u00e7\u00e3o do decreto para prorrogar os contratos de concess\u00e3o e arrendamento portu\u00e1rios, que teria beneficiado a empresa Rodrimar S.A., que opera \u00e1reas do porto de Santos.<\/p>\n<p>O decreto, de maio do ano passado, aumentou o prazo dos contratos de concess\u00e3o de \u00e1reas portu\u00e1rias de 25 anos para 35, podendo ser prorrogado at\u00e9 70 anos, o que beneficia as atuais empresas concession\u00e1rias<\/p>\n<p>A investiga\u00e7\u00e3o envolve ainda Rodrigo Rocha Loures, um dos assessores mais pr\u00f3ximos de Temer, preso no caso JBS, e o vice-l\u00edder do governo na C\u00e2mara Beto Mansur (PRB-SP).<\/p>\n<p>De acordo com a revista \u00c9poca, a PF questiona Temer, entre outros pontos, se ele foi procurado por empres\u00e1rios representantes das concession\u00e1rias do Porto de Santos com demandas do setor e se ele recebeu ofertas de valores, &#8220;ainda que em forma de doa\u00e7\u00e3o eleitoral&#8221;, para beneficiar as empresas interessadas no decreto.<\/p>\n<p>A PF questiona ainda se Temer sabia da entrega de valores pelo doleiro L\u00facio Funaro a Jos\u00e9 Yunes, outro dos amigos mais pr\u00f3ximos de Temer, se o presidente orientou Yunes a receber os recursos e se o dinheiro foi usado por Temer.<\/p>\n<p>No in\u00edcio de 2017, em entrevista \u00e0 revista Veja, Yunes afirmou que teria recebido um &#8220;pacote&#8221; de Funaro, a pedido do ministro da Casa Civil, Eliseu Padilha.<\/p>\n<p>Outra pergunta questiona Temer se ele orientou Rocha Loures, o coronel Jo\u00e3o Baptista Lima Filho &#8211;outro amigo muito pr\u00f3ximo de Temer&#8211; e Yunes a receberem recursos em seu nome pela edi\u00e7\u00e3o do decreto.<\/p>\n<p>O presidente tem 15 dias, a contar do recebimento oficial pela sua assessoria jur\u00eddica, para responder as perguntas da PF, o que pode ser feito por escrito.<\/p>\n<p>O advogado de Temer, Antonio Claudio Mariz de Oliveira, disse \u00e0 Reuters que conversou com o presidente na tarde desta sexta-feira e informou que ainda n\u00e3o foi notificado oficialmente do recebimento dos questionamentos. Ele contestou a informa\u00e7\u00e3o, repassada oficialmente pela assessoria do Planalto, de que o presidente tinha recebido as perguntas.<\/p>\n<p>Ainda assim, Mariz adiantou-se e afirmou que, mesmo sem ter tido conhecimento formal das perguntas, os questionamentos ser\u00e3o respondidos. &#8220;N\u00e3o h\u00e1 por que n\u00e3o nos manifestar. O presidente n\u00e3o tem nada a omitir&#8221;, disse ele, negando qualquer cometimento de crime. &#8220;O presidente est\u00e1 \u00e0s ordens para esclarecer o caso&#8221;, completou.<\/p>\n<p>Segundo o defensor, n\u00e3o \u00e9 verdade que a Rodrimar tenha sido favorecida pelo decreto dos portos. &#8220;Ao contr\u00e1rio, v\u00e1rias foram, essa n\u00e3o&#8221;, afirmou.<\/p>\n<p>Em junho do ano passado, no inqu\u00e9rito que o investigava por corrup\u00e7\u00e3o passiva, participa\u00e7\u00e3o em organiza\u00e7\u00e3o criminosa e obstru\u00e7\u00e3o da Justi\u00e7a, relacionado \u00e0 dela\u00e7\u00e3o de executivos da J&amp;F, Temer optou por n\u00e3o responder as perguntas encaminhadas pela Pol\u00edcia Federal.<\/p>\n<p><strong>CARIRI EM A\u00c7\u00c3O<\/strong><\/p>\n<p><em>Com Msn\/Foto: Reprodu\u00e7\u00e3o google\u00a0\u00a0<\/em><\/p>\n<p><strong>Leia mais not\u00edcias em\u00a0<\/strong><a href=\"http:\/\/www.caririemacao.com\/\"><strong>caririemacao.com<\/strong><\/a><strong>, siga nossa p\u00e1gina no\u00a0<\/strong><a href=\"https:\/\/www.facebook.com\/CaririEmAcao\/?ref=aymt_homepage_panel\"><strong>Facebook<\/strong><\/a>,<strong>\u00a0<\/strong><a href=\"https:\/\/www.instagram.com\/cariri_em_acao\/?hl=pt-br\"><strong>Instagram<\/strong><\/a><strong>\u00a0e\u00a0<\/strong><a href=\"https:\/\/www.youtube.com\/channel\/UCAptA0jQuYQy8vMhLt2m4qg\"><strong>Youtube<\/strong><\/a><strong>\u00a0e veja nossas mat\u00e9rias, v\u00eddeos e fotos. Voc\u00ea tamb\u00e9m pode enviar informa\u00e7\u00f5es \u00e0 Reda\u00e7\u00e3o do Portal Cariri em A\u00e7\u00e3o pelo WhatsApp (83) 9 9634.5791, (83) 9 9601-1162.<\/strong><\/p>\n","protected":false},"excerpt":{"rendered":"<p>A Presid\u00eancia da Rep\u00fablica recebeu na \u00faltima quarta-feira a lista de 50 perguntas que comp\u00f5em o interrogat\u00f3rio por escrito do presidente Michel Temer no inqu\u00e9rito&hellip; <\/p>\n","protected":false},"author":2,"featured_media":31926,"comment_status":"closed","ping_status":"closed","sticky":false,"template":"","format":"standard","meta":{"sfsi_plus_gutenberg_text_before_share":"","sfsi_plus_gutenberg_show_text_before_share":"","sfsi_plus_gutenberg_icon_type":"","sfsi_plus_gutenberg_icon_alignemt":"","sfsi_plus_gutenburg_max_per_row":"","footnotes":""},"categories":[11],"tags":[],"class_list":["post-36403","post","type-post","status-publish","format-standard","has-post-thumbnail","hentry","category-politica"],"_links":{"self":[{"href":"https:\/\/www.caririemacao.com\/1\/wp-json\/wp\/v2\/posts\/36403","targetHints":{"allow":["GET"]}}],"collection":[{"href":"https:\/\/www.caririemacao.com\/1\/wp-json\/wp\/v2\/posts"}],"about":[{"href":"https:\/\/www.caririemacao.com\/1\/wp-json\/wp\/v2\/types\/post"}],"author":[{"embeddable":true,"href":"https:\/\/www.caririemacao.com\/1\/wp-json\/wp\/v2\/users\/2"}],"replies":[{"embeddable":true,"href":"https:\/\/www.caririemacao.com\/1\/wp-json\/wp\/v2\/comments?post=36403"}],"version-history":[{"count":0,"href":"https:\/\/www.caririemacao.com\/1\/wp-json\/wp\/v2\/posts\/36403\/revisions"}],"wp:featuredmedia":[{"embeddable":true,"href":"https:\/\/www.caririemacao.com\/1\/wp-json\/wp\/v2\/media\/31926"}],"wp:attachment":[{"href":"https:\/\/www.caririemacao.com\/1\/wp-json\/wp\/v2\/media?parent=36403"}],"wp:term":[{"taxonomy":"category","embeddable":true,"href":"https:\/\/www.caririemacao.com\/1\/wp-json\/wp\/v2\/categories?post=36403"},{"taxonomy":"post_tag","embeddable":true,"href":"https:\/\/www.caririemacao.com\/1\/wp-json\/wp\/v2\/tags?post=36403"}],"curies":[{"name":"wp","href":"https:\/\/api.w.org\/{rel}","templated":true}]}}