{"id":36405,"date":"2018-01-06T07:47:06","date_gmt":"2018-01-06T10:47:06","guid":{"rendered":"http:\/\/caririemacao.com\/1\/?p=36405"},"modified":"2018-01-06T08:22:20","modified_gmt":"2018-01-06T11:22:20","slug":"bolsonaro-sera-candidato-a-presidente-pelo-psl","status":"publish","type":"post","link":"https:\/\/www.caririemacao.com\/1\/2018\/01\/06\/bolsonaro-sera-candidato-a-presidente-pelo-psl\/","title":{"rendered":"Bolsonaro ser\u00e1 candidato a presidente pelo PSL"},"content":{"rendered":"<p>O deputado federal e pr\u00e9-candidato \u00e0 Presid\u00eancia da Rep\u00fablica Jair Bolsonaro (PSC-RJ) anunciou nesta sexta-feira que concorrer\u00e1 ao Pal\u00e1cio do Planalto pelo Partido Social Liberal (PSL). Bolsonaro e o PSL divulgaram um comunicado, assinado pelo deputado e o presidente do partido, Luciano Bivar, em que anunciam o entendimento. O documento, no entanto, n\u00e3o fala em \u201cfilia\u00e7\u00e3o\u201d do presidenci\u00e1vel.<\/p>\n<p>\u201c\u00c9 com muito orgulho que o PSL recebe o deputado Jair Bolsonaro e sua pr\u00e9-candidatura a Presid\u00eancia da Rep\u00fablica. Outrossim, \u00e9 com muita honra que o deputado se sente abrigado pela legenda, e muito \u00e0 vontade em um partido onde existe total comunh\u00e3o de pensamentos\u201d, diz o texto.<\/p>\n<p>O comunicado ainda afirma que as prioridades tanto para Bivar quanto para Bolsonaro s\u00e3o \u201co pensamento econ\u00f4mico liberal, sem qualquer vi\u00e9s ideol\u00f3gico, assim como, o soberano direito a propriedade privada e a valoriza\u00e7\u00e3o das for\u00e7as armadas e de seguran\u00e7a\u201d. \u201cPreservar as institui\u00e7\u00f5es\u201d e \u201cdefender os valores e princ\u00edpios \u00e9ticos e morais da fam\u00edlia brasileira\u201d tamb\u00e9m s\u00e3o citados no texto, que anuncia a unifica\u00e7\u00e3o dos objetivos do PSL aos \u201cdesejos de mudan\u00e7a\u201d de Jair Bolsonaro.<\/p>\n<p><strong>CARIRI EM A\u00c7\u00c3O<\/strong><\/p>\n<p><em>Com Cariri Ligado\u00a0<\/em><\/p>\n<p><strong>Leia mais not\u00edcias em\u00a0<\/strong><a href=\"http:\/\/www.caririemacao.com\/\"><strong>caririemacao.com<\/strong><\/a><strong>, siga nossa p\u00e1gina no\u00a0<\/strong><a href=\"https:\/\/www.facebook.com\/CaririEmAcao\/?ref=aymt_homepage_panel\"><strong>Facebook<\/strong><\/a>,<strong>\u00a0<\/strong><a href=\"https:\/\/www.instagram.com\/cariri_em_acao\/?hl=pt-br\"><strong>Instagram<\/strong><\/a><strong>\u00a0e\u00a0<\/strong><a href=\"https:\/\/www.youtube.com\/channel\/UCAptA0jQuYQy8vMhLt2m4qg\"><strong>Youtube<\/strong><\/a><strong>\u00a0e veja nossas mat\u00e9rias, v\u00eddeos e fotos. Voc\u00ea tamb\u00e9m pode enviar informa\u00e7\u00f5es \u00e0 Reda\u00e7\u00e3o do Portal Cariri em A\u00e7\u00e3o pelo WhatsApp (83) 9 9634.5791, (83) 9 9601-1162.<\/strong><\/p>\n","protected":false},"excerpt":{"rendered":"<p>O deputado federal e pr\u00e9-candidato \u00e0 Presid\u00eancia da Rep\u00fablica Jair Bolsonaro (PSC-RJ) anunciou nesta sexta-feira que concorrer\u00e1 ao Pal\u00e1cio do Planalto pelo Partido Social Liberal&hellip; <\/p>\n","protected":false},"author":2,"featured_media":35582,"comment_status":"closed","ping_status":"closed","sticky":false,"template":"","format":"standard","meta":{"sfsi_plus_gutenberg_text_before_share":"","sfsi_plus_gutenberg_show_text_before_share":"","sfsi_plus_gutenberg_icon_type":"","sfsi_plus_gutenberg_icon_alignemt":"","sfsi_plus_gutenburg_max_per_row":"","footnotes":""},"categories":[1],"tags":[],"class_list":["post-36405","post","type-post","status-publish","format-standard","has-post-thumbnail","hentry","category-o-site"],"_links":{"self":[{"href":"https:\/\/www.caririemacao.com\/1\/wp-json\/wp\/v2\/posts\/36405","targetHints":{"allow":["GET"]}}],"collection":[{"href":"https:\/\/www.caririemacao.com\/1\/wp-json\/wp\/v2\/posts"}],"about":[{"href":"https:\/\/www.caririemacao.com\/1\/wp-json\/wp\/v2\/types\/post"}],"author":[{"embeddable":true,"href":"https:\/\/www.caririemacao.com\/1\/wp-json\/wp\/v2\/users\/2"}],"replies":[{"embeddable":true,"href":"https:\/\/www.caririemacao.com\/1\/wp-json\/wp\/v2\/comments?post=36405"}],"version-history":[{"count":0,"href":"https:\/\/www.caririemacao.com\/1\/wp-json\/wp\/v2\/posts\/36405\/revisions"}],"wp:featuredmedia":[{"embeddable":true,"href":"https:\/\/www.caririemacao.com\/1\/wp-json\/wp\/v2\/media\/35582"}],"wp:attachment":[{"href":"https:\/\/www.caririemacao.com\/1\/wp-json\/wp\/v2\/media?parent=36405"}],"wp:term":[{"taxonomy":"category","embeddable":true,"href":"https:\/\/www.caririemacao.com\/1\/wp-json\/wp\/v2\/categories?post=36405"},{"taxonomy":"post_tag","embeddable":true,"href":"https:\/\/www.caririemacao.com\/1\/wp-json\/wp\/v2\/tags?post=36405"}],"curies":[{"name":"wp","href":"https:\/\/api.w.org\/{rel}","templated":true}]}}