{"id":36411,"date":"2018-01-06T08:24:53","date_gmt":"2018-01-06T11:24:53","guid":{"rendered":"http:\/\/caririemacao.com\/1\/?p=36411"},"modified":"2018-01-06T08:26:20","modified_gmt":"2018-01-06T11:26:20","slug":"violencia-no-cariri-filho-tenta-matar-o-pai-com-tiro-de-espingarda","status":"publish","type":"post","link":"https:\/\/www.caririemacao.com\/1\/2018\/01\/06\/violencia-no-cariri-filho-tenta-matar-o-pai-com-tiro-de-espingarda\/","title":{"rendered":"VIOL\u00caNCIA NO CARIRI: Filho tenta matar o pai com tiro de espingarda"},"content":{"rendered":"<p>Um homem identificado como Jailton de Z\u00e9 Matias, sofreu uma tentativa de homic\u00eddio ao ser atingido nas costas com um tiro de espingarda \u201cbate bucha\u201d na tarde desta quinta-feira (4), na rua Maria das Neves, no bairro Alto da Bela Vista, zona norte da cidade.<\/p>\n<p>De acordo com informa\u00e7\u00f5es, o suspeito de ter cometido o crime \u00e9 o pr\u00f3prio filho da v\u00edtima, um adolescente de 15 anos. Socorrido para o hospital da cidade, que fica ao lado do local do ocorrido, Jailton recebeu os primeiros atendimentos e, em seguida, foi transferido para o Trauma de Campina Grande por uma equipe do SAMU.<\/p>\n<p>Ele disse que chegava em casa e o seu filho estava por detr\u00e1s de uma porta e teria dito: \u201cvou te matar!\u201d, puxando o gatilho em seguida. A Pol\u00edcia Militar (PM) fez rondas pela regi\u00e3o, mas n\u00e3o conseguiu localizar o adolescente continua foragido. No entanto, na resid\u00eancia onde ocorreu o fato, a PM apreendeu uma espingarda.<\/p>\n<p><strong>CARIRI EM A\u00c7\u00c3O<\/strong><\/p>\n<p><em>Com Heleno Lima\/Foto: Reprodu\u00e7\u00e3o google<\/em><\/p>\n<p><strong>Leia mais not\u00edcias em\u00a0<\/strong><a href=\"http:\/\/www.caririemacao.com\/\"><strong>caririemacao.com<\/strong><\/a><strong>, siga nossa p\u00e1gina no\u00a0<\/strong><a href=\"https:\/\/www.facebook.com\/CaririEmAcao\/?ref=aymt_homepage_panel\"><strong>Facebook<\/strong><\/a>,<strong>\u00a0<\/strong><a href=\"https:\/\/www.instagram.com\/cariri_em_acao\/?hl=pt-br\"><strong>Instagram<\/strong><\/a><strong>\u00a0e\u00a0<\/strong><a href=\"https:\/\/www.youtube.com\/channel\/UCAptA0jQuYQy8vMhLt2m4qg\"><strong>Youtube<\/strong><\/a><strong>\u00a0e veja nossas mat\u00e9rias, v\u00eddeos e fotos. Voc\u00ea tamb\u00e9m pode enviar informa\u00e7\u00f5es \u00e0 Reda\u00e7\u00e3o do Portal Cariri em A\u00e7\u00e3o pelo WhatsApp (83) 9 9634.5791, (83) 9 9601-1162.<\/strong><\/p>\n","protected":false},"excerpt":{"rendered":"<p>Um homem identificado como Jailton de Z\u00e9 Matias, sofreu uma tentativa de homic\u00eddio ao ser atingido nas costas com um tiro de espingarda \u201cbate bucha\u201d&hellip; <\/p>\n","protected":false},"author":2,"featured_media":36216,"comment_status":"closed","ping_status":"closed","sticky":false,"template":"","format":"standard","meta":{"sfsi_plus_gutenberg_text_before_share":"","sfsi_plus_gutenberg_show_text_before_share":"","sfsi_plus_gutenberg_icon_type":"","sfsi_plus_gutenberg_icon_alignemt":"","sfsi_plus_gutenburg_max_per_row":"","footnotes":""},"categories":[12],"tags":[],"class_list":["post-36411","post","type-post","status-publish","format-standard","has-post-thumbnail","hentry","category-policia"],"_links":{"self":[{"href":"https:\/\/www.caririemacao.com\/1\/wp-json\/wp\/v2\/posts\/36411","targetHints":{"allow":["GET"]}}],"collection":[{"href":"https:\/\/www.caririemacao.com\/1\/wp-json\/wp\/v2\/posts"}],"about":[{"href":"https:\/\/www.caririemacao.com\/1\/wp-json\/wp\/v2\/types\/post"}],"author":[{"embeddable":true,"href":"https:\/\/www.caririemacao.com\/1\/wp-json\/wp\/v2\/users\/2"}],"replies":[{"embeddable":true,"href":"https:\/\/www.caririemacao.com\/1\/wp-json\/wp\/v2\/comments?post=36411"}],"version-history":[{"count":0,"href":"https:\/\/www.caririemacao.com\/1\/wp-json\/wp\/v2\/posts\/36411\/revisions"}],"wp:featuredmedia":[{"embeddable":true,"href":"https:\/\/www.caririemacao.com\/1\/wp-json\/wp\/v2\/media\/36216"}],"wp:attachment":[{"href":"https:\/\/www.caririemacao.com\/1\/wp-json\/wp\/v2\/media?parent=36411"}],"wp:term":[{"taxonomy":"category","embeddable":true,"href":"https:\/\/www.caririemacao.com\/1\/wp-json\/wp\/v2\/categories?post=36411"},{"taxonomy":"post_tag","embeddable":true,"href":"https:\/\/www.caririemacao.com\/1\/wp-json\/wp\/v2\/tags?post=36411"}],"curies":[{"name":"wp","href":"https:\/\/api.w.org\/{rel}","templated":true}]}}