{"id":36427,"date":"2018-01-06T08:55:09","date_gmt":"2018-01-06T11:55:09","guid":{"rendered":"http:\/\/caririemacao.com\/1\/?p=36427"},"modified":"2018-01-06T08:55:09","modified_gmt":"2018-01-06T11:55:09","slug":"maranhao-nao-ve-motivos-para-veneziano-ter-ciumes-de-suas-conversas-com-romero-e-maduro","status":"publish","type":"post","link":"https:\/\/www.caririemacao.com\/1\/2018\/01\/06\/maranhao-nao-ve-motivos-para-veneziano-ter-ciumes-de-suas-conversas-com-romero-e-maduro\/","title":{"rendered":"Maranh\u00e3o n\u00e3o v\u00ea motivos para Veneziano ter \u2018ci\u00fames\u2019 de suas conversas com Romero: \u2018\u00c9 maduro\u2019"},"content":{"rendered":"<p class=\"Textbody\">O senador Jos\u00e9 Maranh\u00e3o, presidente estadual do MDB, n\u00e3o viu motivos que provoquem \u2018ciumeiras\u2019 do deputado federal Veneziano Vital do R\u00eago (MDB), ap\u00f3s o encontro dele com o prefeito de Campina Grande, Romero Rodrigues (PSDB).<\/p>\n<p class=\"Textbody\">\u201cEu acho que n\u00e3o. Acho que Veneziano n\u00e3o fica com ci\u00fames disso porque ele \u00e9 um pol\u00edtico maduro. N\u00f3s n\u00e3o estamos tratando de uma conspira\u00e7\u00e3o contra quem quer que seja\u201d, declarou.<\/p>\n<p class=\"Textbody\">A conversa entre Maranh\u00e3o e Romero Rodrigues ocorreu na tarde desta quinta-feira (5) ap\u00f3s o emedebista e o tucano reafirmarem as pretens\u00f5es de disputarem o governo do estado nas pr\u00f3ximas elei\u00e7\u00f5es.<\/p>\n<p class=\"Textbody\">Veneziano n\u00e3o esconde a possibilidade de deixar o partido durante a janela partid\u00e1ria, que ocorre entre 7 de mar\u00e7o e 7 de abril.<\/p>\n<p><strong>CARIRI EM A\u00c7\u00c3O<\/strong><\/p>\n<p><em>Com Para\u00edba,com\/Foto: Reprodu\u00e7\u00e3o google<\/em><\/p>\n<p><strong>Leia mais not\u00edcias em\u00a0<\/strong><a href=\"http:\/\/www.caririemacao.com\/\"><strong>caririemacao.com<\/strong><\/a><strong>, siga nossa p\u00e1gina no\u00a0<\/strong><a href=\"https:\/\/www.facebook.com\/CaririEmAcao\/?ref=aymt_homepage_panel\"><strong>Facebook<\/strong><\/a>,<strong>\u00a0<\/strong><a href=\"https:\/\/www.instagram.com\/cariri_em_acao\/?hl=pt-br\"><strong>Instagram<\/strong><\/a><strong>\u00a0e <\/strong><a href=\"https:\/\/www.youtube.com\/channel\/UCAptA0jQuYQy8vMhLt2m4qg\"><strong>Youtube<\/strong><\/a><strong>\u00a0e veja nossas mat\u00e9rias, v\u00eddeos e fotos. Voc\u00ea tamb\u00e9m pode enviar informa\u00e7\u00f5es \u00e0 Reda\u00e7\u00e3o do Portal Cariri em A\u00e7\u00e3o pelo WhatsApp (83) 9 9634.5791, (83) 9 9601-1162.<\/strong><\/p>\n","protected":false},"excerpt":{"rendered":"<p>O senador Jos\u00e9 Maranh\u00e3o, presidente estadual do MDB, n\u00e3o viu motivos que provoquem \u2018ciumeiras\u2019 do deputado federal Veneziano Vital do R\u00eago (MDB), ap\u00f3s o encontro&hellip; <\/p>\n","protected":false},"author":2,"featured_media":36428,"comment_status":"closed","ping_status":"closed","sticky":false,"template":"","format":"standard","meta":{"sfsi_plus_gutenberg_text_before_share":"","sfsi_plus_gutenberg_show_text_before_share":"","sfsi_plus_gutenberg_icon_type":"","sfsi_plus_gutenberg_icon_alignemt":"","sfsi_plus_gutenburg_max_per_row":"","footnotes":""},"categories":[11],"tags":[],"class_list":["post-36427","post","type-post","status-publish","format-standard","has-post-thumbnail","hentry","category-politica"],"_links":{"self":[{"href":"https:\/\/www.caririemacao.com\/1\/wp-json\/wp\/v2\/posts\/36427","targetHints":{"allow":["GET"]}}],"collection":[{"href":"https:\/\/www.caririemacao.com\/1\/wp-json\/wp\/v2\/posts"}],"about":[{"href":"https:\/\/www.caririemacao.com\/1\/wp-json\/wp\/v2\/types\/post"}],"author":[{"embeddable":true,"href":"https:\/\/www.caririemacao.com\/1\/wp-json\/wp\/v2\/users\/2"}],"replies":[{"embeddable":true,"href":"https:\/\/www.caririemacao.com\/1\/wp-json\/wp\/v2\/comments?post=36427"}],"version-history":[{"count":0,"href":"https:\/\/www.caririemacao.com\/1\/wp-json\/wp\/v2\/posts\/36427\/revisions"}],"wp:featuredmedia":[{"embeddable":true,"href":"https:\/\/www.caririemacao.com\/1\/wp-json\/wp\/v2\/media\/36428"}],"wp:attachment":[{"href":"https:\/\/www.caririemacao.com\/1\/wp-json\/wp\/v2\/media?parent=36427"}],"wp:term":[{"taxonomy":"category","embeddable":true,"href":"https:\/\/www.caririemacao.com\/1\/wp-json\/wp\/v2\/categories?post=36427"},{"taxonomy":"post_tag","embeddable":true,"href":"https:\/\/www.caririemacao.com\/1\/wp-json\/wp\/v2\/tags?post=36427"}],"curies":[{"name":"wp","href":"https:\/\/api.w.org\/{rel}","templated":true}]}}