{"id":36431,"date":"2018-01-06T09:01:18","date_gmt":"2018-01-06T12:01:18","guid":{"rendered":"http:\/\/caririemacao.com\/1\/?p=36431"},"modified":"2018-01-06T09:01:18","modified_gmt":"2018-01-06T12:01:18","slug":"batalhao-ambiental-fecha-mais-um-abatedouro-clandestino-na-capital-e-o-segundo-somente-hoje","status":"publish","type":"post","link":"https:\/\/www.caririemacao.com\/1\/2018\/01\/06\/batalhao-ambiental-fecha-mais-um-abatedouro-clandestino-na-capital-e-o-segundo-somente-hoje\/","title":{"rendered":"Batalh\u00e3o Ambiental fecha mais um abatedouro clandestino na Capital; \u00e9 o segundo somente hoje"},"content":{"rendered":"<p class=\" \">Policiais do Batalh\u00e3o Ambiental fecharam na tarde desta sexta-feira (5) mais um abatedouro clandestino de animais. O fato aconteceu na Comunidade Taipa, no conjunto Costa e Silva, em Jo\u00e3o Pessoa. Este segundo caso somente hoje na Capital. O primeiro\u00a0 foi no bairro Colinas do Sul.<\/p>\n<p class=\" \">De acordo com o Major Lucas, comandante do Batalh\u00e3o, a pol\u00edcia chegou at\u00e9 o local ap\u00f3s receber den\u00fancias an\u00f4nimas dos moradores. No momento em que a pol\u00edcia chegou ao local, um animal tinha acabado de ser abatido e v\u00e1rios outros estavam mortos.<\/p>\n<p class=\" \">Ainda segundo a pol\u00edcia o dono do estabelecimento foi detido e levado para a Central de Pol\u00edcia. A pena para o crime \u00e9 de 3 meses a um ano de deten\u00e7\u00e3o. &#8220;A multa vai de R$ 500 a R$ 10 milh\u00f5es e pode caracterizar maus tratos porque o pessoal usa m\u00e9todos para o abate contra a norma institu\u00edda pelo Minist\u00e9rio da Agricultura&#8221;, explicou o major Lucas. O local n\u00e3o tinha licen\u00e7a para funcionar e os animais eram abatidos sem quaisquer condi\u00e7\u00f5es de higiene o que pode trazer s\u00e9rios riscos \u00e0 sa\u00fade da popula\u00e7\u00e3o.<\/p>\n<p><strong>CARIRI EM A\u00c7\u00c3O<\/strong><\/p>\n<p><em>Com\u00a0<strong>Paulo Cosme<\/strong>\u00a0\/Foto: Reprodu\u00e7\u00e3o google<\/em><\/p>\n<p><strong>Leia mais not\u00edcias em\u00a0<\/strong><a href=\"http:\/\/www.caririemacao.com\/\"><strong>caririemacao.com<\/strong><\/a><strong>, siga nossa p\u00e1gina no\u00a0<\/strong><a href=\"https:\/\/www.facebook.com\/CaririEmAcao\/?ref=aymt_homepage_panel\"><strong>Facebook<\/strong><\/a>,<strong>\u00a0<\/strong><a href=\"https:\/\/www.instagram.com\/cariri_em_acao\/?hl=pt-br\"><strong>Instagram<\/strong><\/a><strong>\u00a0e <\/strong><a href=\"https:\/\/www.youtube.com\/channel\/UCAptA0jQuYQy8vMhLt2m4qg\"><strong>Youtube<\/strong><\/a><strong>\u00a0e veja nossas mat\u00e9rias, v\u00eddeos e fotos. Voc\u00ea tamb\u00e9m pode enviar informa\u00e7\u00f5es \u00e0 Reda\u00e7\u00e3o do Portal Cariri em A\u00e7\u00e3o pelo WhatsApp (83) 9 9634.5791, (83) 9 9601-1162.<\/strong><\/p>\n","protected":false},"excerpt":{"rendered":"<p>Policiais do Batalh\u00e3o Ambiental fecharam na tarde desta sexta-feira (5) mais um abatedouro clandestino de animais. O fato aconteceu na Comunidade Taipa, no conjunto Costa&hellip; <\/p>\n","protected":false},"author":2,"featured_media":36432,"comment_status":"closed","ping_status":"closed","sticky":false,"template":"","format":"standard","meta":{"sfsi_plus_gutenberg_text_before_share":"","sfsi_plus_gutenberg_show_text_before_share":"","sfsi_plus_gutenberg_icon_type":"","sfsi_plus_gutenberg_icon_alignemt":"","sfsi_plus_gutenburg_max_per_row":"","footnotes":""},"categories":[2],"tags":[],"class_list":["post-36431","post","type-post","status-publish","format-standard","has-post-thumbnail","hentry","category-geral"],"_links":{"self":[{"href":"https:\/\/www.caririemacao.com\/1\/wp-json\/wp\/v2\/posts\/36431","targetHints":{"allow":["GET"]}}],"collection":[{"href":"https:\/\/www.caririemacao.com\/1\/wp-json\/wp\/v2\/posts"}],"about":[{"href":"https:\/\/www.caririemacao.com\/1\/wp-json\/wp\/v2\/types\/post"}],"author":[{"embeddable":true,"href":"https:\/\/www.caririemacao.com\/1\/wp-json\/wp\/v2\/users\/2"}],"replies":[{"embeddable":true,"href":"https:\/\/www.caririemacao.com\/1\/wp-json\/wp\/v2\/comments?post=36431"}],"version-history":[{"count":0,"href":"https:\/\/www.caririemacao.com\/1\/wp-json\/wp\/v2\/posts\/36431\/revisions"}],"wp:featuredmedia":[{"embeddable":true,"href":"https:\/\/www.caririemacao.com\/1\/wp-json\/wp\/v2\/media\/36432"}],"wp:attachment":[{"href":"https:\/\/www.caririemacao.com\/1\/wp-json\/wp\/v2\/media?parent=36431"}],"wp:term":[{"taxonomy":"category","embeddable":true,"href":"https:\/\/www.caririemacao.com\/1\/wp-json\/wp\/v2\/categories?post=36431"},{"taxonomy":"post_tag","embeddable":true,"href":"https:\/\/www.caririemacao.com\/1\/wp-json\/wp\/v2\/tags?post=36431"}],"curies":[{"name":"wp","href":"https:\/\/api.w.org\/{rel}","templated":true}]}}