{"id":36439,"date":"2018-01-08T13:32:45","date_gmt":"2018-01-08T16:32:45","guid":{"rendered":"http:\/\/caririemacao.com\/1\/?p=36439"},"modified":"2018-01-08T13:32:45","modified_gmt":"2018-01-08T16:32:45","slug":"sport-e-campeao-na-prata","status":"publish","type":"post","link":"https:\/\/www.caririemacao.com\/1\/2018\/01\/08\/sport-e-campeao-na-prata\/","title":{"rendered":"Sport \u00e9 campe\u00e3o na Prata"},"content":{"rendered":"<p>Durante as comemora\u00e7\u00f5es dos 59 anos de Emancipa\u00e7\u00e3o Pol\u00edtica do Munic\u00edpio de Prata, realizadas neste domingo, dia 07, a Prefeitura promoveu uma grande festa esportiva para os pratenses.<\/p>\n<p><a href=\"http:\/\/caririemacao.com\/1\/wp-content\/uploads\/2018\/01\/IMG_6709.jpg\"><img fetchpriority=\"high\" decoding=\"async\" class=\"aligncenter wp-image-36605 size-full\" src=\"http:\/\/caririemacao.com\/1\/wp-content\/uploads\/2018\/01\/IMG_6709.jpg\" alt=\"\" width=\"900\" height=\"600\" srcset=\"https:\/\/www.caririemacao.com\/1\/wp-content\/uploads\/2018\/01\/IMG_6709.jpg 900w, https:\/\/www.caririemacao.com\/1\/wp-content\/uploads\/2018\/01\/IMG_6709-300x200.jpg 300w, https:\/\/www.caririemacao.com\/1\/wp-content\/uploads\/2018\/01\/IMG_6709-768x512.jpg 768w\" sizes=\"(max-width: 900px) 100vw, 900px\" \/><\/a><\/p>\n<p>A festa teve in\u00edcio \u00e0s 16h, no Est\u00e1dio Gonzag\u00e3o com a grande final do Campeonato Rural de futebol, envolvendo as equipes do Doce e Sport Club e a presen\u00e7a de quase 2 mil torcedores.<\/p>\n<p><a href=\"http:\/\/caririemacao.com\/1\/wp-content\/uploads\/2018\/01\/DSC_0091.jpg\"><img decoding=\"async\" class=\"aligncenter wp-image-36607 size-full lazyload\" data-src=\"http:\/\/caririemacao.com\/1\/wp-content\/uploads\/2018\/01\/DSC_0091.jpg\" alt=\"\" width=\"900\" height=\"600\" data-srcset=\"https:\/\/www.caririemacao.com\/1\/wp-content\/uploads\/2018\/01\/DSC_0091.jpg 900w, https:\/\/www.caririemacao.com\/1\/wp-content\/uploads\/2018\/01\/DSC_0091-300x200.jpg 300w, https:\/\/www.caririemacao.com\/1\/wp-content\/uploads\/2018\/01\/DSC_0091-768x512.jpg 768w\" data-sizes=\"(max-width: 900px) 100vw, 900px\" src=\"data:image\/svg+xml;base64,PHN2ZyB3aWR0aD0iMSIgaGVpZ2h0PSIxIiB4bWxucz0iaHR0cDovL3d3dy53My5vcmcvMjAwMC9zdmciPjwvc3ZnPg==\" style=\"--smush-placeholder-width: 900px; --smush-placeholder-aspect-ratio: 900\/600;\" \/><\/a><\/p>\n<p>Na disputa pela ta\u00e7a de campe\u00e3o estavam duas fortes equipes, a equipe do Doce e o Sport Club. Na partida, a equipe do Sport foi a melhor e conseguiu levantar a ta\u00e7a pela terceira. Os gols da partida foram marcados j\u00e1 no final do segundo tempo pelos atletas Andr\u00e9 e Rodolfo.<\/p>\n<p><a href=\"http:\/\/caririemacao.com\/1\/wp-content\/uploads\/2018\/01\/DSC_0099.jpg\"><img decoding=\"async\" class=\"aligncenter wp-image-36608 size-full lazyload\" data-src=\"http:\/\/caririemacao.com\/1\/wp-content\/uploads\/2018\/01\/DSC_0099.jpg\" alt=\"\" width=\"900\" height=\"600\" data-srcset=\"https:\/\/www.caririemacao.com\/1\/wp-content\/uploads\/2018\/01\/DSC_0099.jpg 900w, https:\/\/www.caririemacao.com\/1\/wp-content\/uploads\/2018\/01\/DSC_0099-300x200.jpg 300w, https:\/\/www.caririemacao.com\/1\/wp-content\/uploads\/2018\/01\/DSC_0099-768x512.jpg 768w\" data-sizes=\"(max-width: 900px) 100vw, 900px\" src=\"data:image\/svg+xml;base64,PHN2ZyB3aWR0aD0iMSIgaGVpZ2h0PSIxIiB4bWxucz0iaHR0cDovL3d3dy53My5vcmcvMjAwMC9zdmciPjwvc3ZnPg==\" style=\"--smush-placeholder-width: 900px; --smush-placeholder-aspect-ratio: 900\/600;\" \/><\/a><\/p>\n<p>E para coroar o campeonato, o prefeito J\u00fanior N\u00f3brega, ao lado do deputado Ricardo Barbosa, vereadores, secret\u00e1rios e da popula\u00e7\u00e3o, realizou a premia\u00e7\u00e3o do Campeonato Rural de futebol para as quatro primeiras equipes e atletas revela\u00e7\u00f5es do campeonato.<\/p>\n<p>Logo ap\u00f3s, show com DJ Nandinho e a banda Bonde dos Plays fechando as comemora\u00e7\u00f5es dos 59 anos de Prata.<\/p>\n<p><a href=\"https:\/\/www.facebook.com\/pg\/CaririEmAcao\/photos\/?tab=album&amp;album_id=1160173564118665\"><strong>CLIQUE E VEJA TODAS AS FOTOS.<\/strong><\/a><\/p>\n<p><a href=\"http:\/\/caririemacao.com\/1\/wp-content\/uploads\/2018\/01\/DSC_0071.jpg\"><img decoding=\"async\" class=\"aligncenter wp-image-36606 size-full lazyload\" data-src=\"http:\/\/caririemacao.com\/1\/wp-content\/uploads\/2018\/01\/DSC_0071.jpg\" alt=\"\" width=\"900\" height=\"600\" data-srcset=\"https:\/\/www.caririemacao.com\/1\/wp-content\/uploads\/2018\/01\/DSC_0071.jpg 900w, https:\/\/www.caririemacao.com\/1\/wp-content\/uploads\/2018\/01\/DSC_0071-300x200.jpg 300w, https:\/\/www.caririemacao.com\/1\/wp-content\/uploads\/2018\/01\/DSC_0071-768x512.jpg 768w\" data-sizes=\"(max-width: 900px) 100vw, 900px\" src=\"data:image\/svg+xml;base64,PHN2ZyB3aWR0aD0iMSIgaGVpZ2h0PSIxIiB4bWxucz0iaHR0cDovL3d3dy53My5vcmcvMjAwMC9zdmciPjwvc3ZnPg==\" style=\"--smush-placeholder-width: 900px; --smush-placeholder-aspect-ratio: 900\/600;\" \/><\/a><\/p>\n<p><strong>CARIRI EM A\u00c7\u00c3O<\/strong><\/p>\n<p>Leia mais not\u00edcias em\u00a0<a href=\"http:\/\/www.caririemacao.com\/\">caririemacao.com<\/a>, siga nossa p\u00e1gina no\u00a0<a href=\"https:\/\/www.facebook.com\/CaririEmAcao\/?ref=aymt_homepage_panel\">Facebook<\/a>\u00a0e\u00a0<a href=\"https:\/\/www.instagram.com\/cariri_em_acao\/?hl=pt-br\">Instagram<\/a>\u00a0veja nossas mat\u00e9rias e fotos. Voc\u00ea tamb\u00e9m pode enviar informa\u00e7\u00f5es \u00e0 Reda\u00e7\u00e3o do Portal Cariri em A\u00e7\u00e3o pelo WhatsApp (83) 9 9634.5791, (83) 9 9601-1162.<\/p>\n","protected":false},"excerpt":{"rendered":"<p>Durante as comemora\u00e7\u00f5es dos 59 anos de Emancipa\u00e7\u00e3o Pol\u00edtica do Munic\u00edpio de Prata, realizadas neste domingo, dia 07, a Prefeitura promoveu uma grande festa esportiva&hellip; <\/p>\n","protected":false},"author":2,"featured_media":36604,"comment_status":"closed","ping_status":"closed","sticky":false,"template":"","format":"standard","meta":{"sfsi_plus_gutenberg_text_before_share":"","sfsi_plus_gutenberg_show_text_before_share":"","sfsi_plus_gutenberg_icon_type":"","sfsi_plus_gutenberg_icon_alignemt":"","sfsi_plus_gutenburg_max_per_row":"","footnotes":""},"categories":[2],"tags":[],"class_list":["post-36439","post","type-post","status-publish","format-standard","has-post-thumbnail","hentry","category-geral"],"_links":{"self":[{"href":"https:\/\/www.caririemacao.com\/1\/wp-json\/wp\/v2\/posts\/36439","targetHints":{"allow":["GET"]}}],"collection":[{"href":"https:\/\/www.caririemacao.com\/1\/wp-json\/wp\/v2\/posts"}],"about":[{"href":"https:\/\/www.caririemacao.com\/1\/wp-json\/wp\/v2\/types\/post"}],"author":[{"embeddable":true,"href":"https:\/\/www.caririemacao.com\/1\/wp-json\/wp\/v2\/users\/2"}],"replies":[{"embeddable":true,"href":"https:\/\/www.caririemacao.com\/1\/wp-json\/wp\/v2\/comments?post=36439"}],"version-history":[{"count":0,"href":"https:\/\/www.caririemacao.com\/1\/wp-json\/wp\/v2\/posts\/36439\/revisions"}],"wp:featuredmedia":[{"embeddable":true,"href":"https:\/\/www.caririemacao.com\/1\/wp-json\/wp\/v2\/media\/36604"}],"wp:attachment":[{"href":"https:\/\/www.caririemacao.com\/1\/wp-json\/wp\/v2\/media?parent=36439"}],"wp:term":[{"taxonomy":"category","embeddable":true,"href":"https:\/\/www.caririemacao.com\/1\/wp-json\/wp\/v2\/categories?post=36439"},{"taxonomy":"post_tag","embeddable":true,"href":"https:\/\/www.caririemacao.com\/1\/wp-json\/wp\/v2\/tags?post=36439"}],"curies":[{"name":"wp","href":"https:\/\/api.w.org\/{rel}","templated":true}]}}