{"id":36447,"date":"2018-01-07T11:03:45","date_gmt":"2018-01-07T14:03:45","guid":{"rendered":"http:\/\/caririemacao.com\/1\/?p=36447"},"modified":"2018-01-07T11:03:45","modified_gmt":"2018-01-07T14:03:45","slug":"bandido-e-crianca-ficam-feridos-apos-troca-de-tiros-com-a-pm-em-jatauba-pe","status":"publish","type":"post","link":"https:\/\/www.caririemacao.com\/1\/2018\/01\/07\/bandido-e-crianca-ficam-feridos-apos-troca-de-tiros-com-a-pm-em-jatauba-pe\/","title":{"rendered":"Bandido e crian\u00e7a ficam feridos ap\u00f3s troca de tiros com a PM em Jata\u00faba-PE"},"content":{"rendered":"<p>Duas pessoas deram entrada no Hospital Municipal de Jata\u00faba, na noite desse s\u00e1bado (07), feridas a bala. Uma das v\u00edtimas foi uma crian\u00e7a, de apenas 8 anos, que estava na garupa da moto de um suspeito.<\/p>\n<p>De acordo com as informa\u00e7\u00f5es da Pol\u00edcia Militar, ap\u00f3s solicita\u00e7\u00e3o da Guarda Comunit\u00e1ria, seguiu para o S\u00edtio Jaboat\u00e3ozinho, zona rural do munic\u00edpio, para averiguar uma den\u00fancia de disparos de arma de fogo.<\/p>\n<p>Ainda segundo as informa\u00e7\u00f5es constadas no Boletim de Ocorr\u00eancia, o efetivo foi recebido a bala e revidou a a\u00e7\u00e3o contra elementos que estavam em um carro (modelo Gol) e em uma moto pop de cor vermelha.<\/p>\n<div>Durante a a\u00e7\u00e3o, os suspeitos do carro conseguiram fugir. J\u00e1 da pop ficou ferido, no f\u00eamur, Jos\u00e9 Henrique Ferreira de Lima (20 anos). Al\u00e9m dele, tamb\u00e9m ficou ferido um garoto de 8 anos, que estava na garupa. A crian\u00e7a, residente em Santa Cruz do Capibaribe, ficou ferida na perna esquerda.<\/div>\n<div><\/div>\n<div>Segundo a pol\u00edcia, o menino teria pulado da moto e o jovem foi pego metros depois, dentro do mato. Antes de ser detido, por\u00e9m, ele teria se livrado da arma, que n\u00e3o foi encontrada. A pol\u00edcia constatou que a moto, sem placa, est\u00e1 com restri\u00e7\u00e3o de roubo.<\/div>\n<div><\/div>\n<div>Os dois foram levados para o hospital local e, em seguida, encaminhados para o Hospital Regional do Agreste, em Caruaru. Jos\u00e9 Henrique ficou custodiado pela pol\u00edcia. A ocorr\u00eancia foi levada para delegacia de Santa Cruz do Capibaribe.<\/div>\n<div><\/div>\n<div>\n<p><strong>CARIRI EM A\u00c7\u00c3O<\/strong><\/p>\n<p>Com Informa\u00e7\u00f5es PMPE\/Blog do Ney Lima<em>\u00a0\/Foto: Reprodu\u00e7\u00e3o Ney Lima<\/em><\/p>\n<p><strong>Leia mais not\u00edcias em\u00a0<\/strong><a href=\"http:\/\/www.caririemacao.com\/\"><strong>caririemacao.com<\/strong><\/a><strong>, siga nossa p\u00e1gina no\u00a0<\/strong><a href=\"https:\/\/www.facebook.com\/CaririEmAcao\/?ref=aymt_homepage_panel\"><strong>Facebook<\/strong><\/a>,<strong>\u00a0<\/strong><a href=\"https:\/\/www.instagram.com\/cariri_em_acao\/?hl=pt-br\"><strong>Instagram<\/strong><\/a><strong>\u00a0e <\/strong><a href=\"https:\/\/www.youtube.com\/channel\/UCAptA0jQuYQy8vMhLt2m4qg\"><strong>Youtube<\/strong><\/a><strong>\u00a0e veja nossas mat\u00e9rias, v\u00eddeos e fotos. Voc\u00ea tamb\u00e9m pode enviar informa\u00e7\u00f5es \u00e0 Reda\u00e7\u00e3o do Portal Cariri em A\u00e7\u00e3o pelo WhatsApp (83) 9 9634.5791, (83) 9 9601-1162.<\/strong><\/p>\n<\/div>\n","protected":false},"excerpt":{"rendered":"<p>Duas pessoas deram entrada no Hospital Municipal de Jata\u00faba, na noite desse s\u00e1bado (07), feridas a bala. Uma das v\u00edtimas foi uma crian\u00e7a, de apenas&hellip; <\/p>\n","protected":false},"author":2,"featured_media":36448,"comment_status":"closed","ping_status":"closed","sticky":false,"template":"","format":"standard","meta":{"sfsi_plus_gutenberg_text_before_share":"","sfsi_plus_gutenberg_show_text_before_share":"","sfsi_plus_gutenberg_icon_type":"","sfsi_plus_gutenberg_icon_alignemt":"","sfsi_plus_gutenburg_max_per_row":"","footnotes":""},"categories":[12],"tags":[],"class_list":["post-36447","post","type-post","status-publish","format-standard","has-post-thumbnail","hentry","category-policia"],"_links":{"self":[{"href":"https:\/\/www.caririemacao.com\/1\/wp-json\/wp\/v2\/posts\/36447","targetHints":{"allow":["GET"]}}],"collection":[{"href":"https:\/\/www.caririemacao.com\/1\/wp-json\/wp\/v2\/posts"}],"about":[{"href":"https:\/\/www.caririemacao.com\/1\/wp-json\/wp\/v2\/types\/post"}],"author":[{"embeddable":true,"href":"https:\/\/www.caririemacao.com\/1\/wp-json\/wp\/v2\/users\/2"}],"replies":[{"embeddable":true,"href":"https:\/\/www.caririemacao.com\/1\/wp-json\/wp\/v2\/comments?post=36447"}],"version-history":[{"count":0,"href":"https:\/\/www.caririemacao.com\/1\/wp-json\/wp\/v2\/posts\/36447\/revisions"}],"wp:featuredmedia":[{"embeddable":true,"href":"https:\/\/www.caririemacao.com\/1\/wp-json\/wp\/v2\/media\/36448"}],"wp:attachment":[{"href":"https:\/\/www.caririemacao.com\/1\/wp-json\/wp\/v2\/media?parent=36447"}],"wp:term":[{"taxonomy":"category","embeddable":true,"href":"https:\/\/www.caririemacao.com\/1\/wp-json\/wp\/v2\/categories?post=36447"},{"taxonomy":"post_tag","embeddable":true,"href":"https:\/\/www.caririemacao.com\/1\/wp-json\/wp\/v2\/tags?post=36447"}],"curies":[{"name":"wp","href":"https:\/\/api.w.org\/{rel}","templated":true}]}}