{"id":36450,"date":"2018-01-07T11:13:02","date_gmt":"2018-01-07T14:13:02","guid":{"rendered":"http:\/\/caririemacao.com\/1\/?p=36450"},"modified":"2018-01-07T11:13:02","modified_gmt":"2018-01-07T14:13:02","slug":"temer-assinara-ordem-de-servico-para-a-duplicacao-da-br-230-nesta-sexta-feira-2","status":"publish","type":"post","link":"https:\/\/www.caririemacao.com\/1\/2018\/01\/07\/temer-assinara-ordem-de-servico-para-a-duplicacao-da-br-230-nesta-sexta-feira-2\/","title":{"rendered":"Temer assinar\u00e1 ordem de servi\u00e7o para a duplica\u00e7\u00e3o da BR-230 nesta sexta-feira"},"content":{"rendered":"<p>O presidente da Rep\u00fablica, Michel Temer, assinar\u00e1 a ordem de servi\u00e7o para o in\u00edcio das obras de duplica\u00e7\u00e3o da rodovia BR-230 nesta sexta-feira (10). A informa\u00e7\u00e3o foi confirmada nesta ter\u00e7a-feira (7) ao senador Raimundo Lira (PMDB-PB). A assinatura se refere ao primeiro trecho, entre Campina Grande e a comunidade Farinha (Pra\u00e7a do Meio do Mundo), dentro do projeto de duplicar a BR entre Campina Grande e Cajazeiras, como quer a bancada federal paraibana.<\/p>\n<p>Segundo Lira, o presidente desembarcar\u00e1 no Aeroporto Presidente Jo\u00e3o Suassuna, em Campina Grande, de onde seguir\u00e1 de helic\u00f3ptero at\u00e9 a cidade de Monteiro, no Cariri da Para\u00edba, a 305 km de Jo\u00e3o Pessoa, acompanhado de parlamentares paraibanos.<\/p>\n<p>Lira informou ainda que, logo ap\u00f3s a assinatura, o cons\u00f3rcio que venceu o processo licitat\u00f3rio feito pelo Minist\u00e9rio dos Transportes iniciar\u00e1 os trabalhos. A Licita\u00e7\u00e3o foi realizada em 16 de dezembro de 2016, atrav\u00e9s do Edital de Licita\u00e7\u00e3o SR\/PB n\u00ba 0456\/2016. Os servi\u00e7os ser\u00e3o executados do Km 152,3 ao Km 183,9, totalizando 31,6 Km de pista duplicada, com um investimento total de R$ 307.697.000. O projeto contempla tamb\u00e9m a constru\u00e7\u00e3o de tr\u00eas viadutos em Campina Grande.<\/p>\n<p><strong>Segunda etapa<br \/>\n<\/strong><\/p>\n<p>Lira disse que j\u00e1 come\u00e7ou a trabalhar para viabilizar outra etapa da duplica\u00e7\u00e3o. O senador confirmou que vai se reunir com o Comando Geral do Ex\u00e9rcito para solicitar que o Batalh\u00e3o de Caic\u00f3 (RN) coloque m\u00e1quinas e equipamentos a servi\u00e7o da pr\u00f3xima etapa da duplica\u00e7\u00e3o, da Pra\u00e7a do Meio do Mundo em dire\u00e7\u00e3o \u00e0 cidade de Soledade, no Agreste da Para\u00edba, a 165 km da Capital.<\/p>\n<p><strong>CARIRI EM A\u00c7\u00c3O<\/strong><\/p>\n<p><em>Com Portal Correio\/Foto: Reprodu\u00e7\u00e3o<\/em><\/p>\n<p><strong>Leia mais not\u00edcias em\u00a0<\/strong><a href=\"http:\/\/www.caririemacao.com\/\"><strong>caririemacao.com<\/strong><\/a><strong>, siga nossa p\u00e1gina no\u00a0<\/strong><a href=\"https:\/\/www.facebook.com\/CaririEmAcao\/?ref=aymt_homepage_panel\"><strong>Facebook<\/strong><\/a>,<strong>\u00a0<\/strong><a href=\"https:\/\/www.instagram.com\/cariri_em_acao\/?hl=pt-br\"><strong>Instagram<\/strong><\/a><strong>\u00a0e <\/strong><a href=\"https:\/\/www.youtube.com\/channel\/UCAptA0jQuYQy8vMhLt2m4qg\"><strong>Youtube<\/strong><\/a><strong>\u00a0e veja nossas mat\u00e9rias, v\u00eddeos e fotos. Voc\u00ea tamb\u00e9m pode enviar informa\u00e7\u00f5es \u00e0 Reda\u00e7\u00e3o do Portal Cariri em A\u00e7\u00e3o pelo WhatsApp (83) 9 9634.5791, (83) 9 9601-1162.<\/strong><\/p>\n<p>&nbsp;<\/p>\n","protected":false},"excerpt":{"rendered":"<p>O presidente da Rep\u00fablica, Michel Temer, assinar\u00e1 a ordem de servi\u00e7o para o in\u00edcio das obras de duplica\u00e7\u00e3o da rodovia BR-230 nesta sexta-feira (10). A&hellip; <\/p>\n","protected":false},"author":2,"featured_media":36451,"comment_status":"closed","ping_status":"closed","sticky":false,"template":"","format":"standard","meta":{"sfsi_plus_gutenberg_text_before_share":"","sfsi_plus_gutenberg_show_text_before_share":"","sfsi_plus_gutenberg_icon_type":"","sfsi_plus_gutenberg_icon_alignemt":"","sfsi_plus_gutenburg_max_per_row":"","footnotes":""},"categories":[2],"tags":[],"class_list":["post-36450","post","type-post","status-publish","format-standard","has-post-thumbnail","hentry","category-geral"],"_links":{"self":[{"href":"https:\/\/www.caririemacao.com\/1\/wp-json\/wp\/v2\/posts\/36450","targetHints":{"allow":["GET"]}}],"collection":[{"href":"https:\/\/www.caririemacao.com\/1\/wp-json\/wp\/v2\/posts"}],"about":[{"href":"https:\/\/www.caririemacao.com\/1\/wp-json\/wp\/v2\/types\/post"}],"author":[{"embeddable":true,"href":"https:\/\/www.caririemacao.com\/1\/wp-json\/wp\/v2\/users\/2"}],"replies":[{"embeddable":true,"href":"https:\/\/www.caririemacao.com\/1\/wp-json\/wp\/v2\/comments?post=36450"}],"version-history":[{"count":0,"href":"https:\/\/www.caririemacao.com\/1\/wp-json\/wp\/v2\/posts\/36450\/revisions"}],"wp:featuredmedia":[{"embeddable":true,"href":"https:\/\/www.caririemacao.com\/1\/wp-json\/wp\/v2\/media\/36451"}],"wp:attachment":[{"href":"https:\/\/www.caririemacao.com\/1\/wp-json\/wp\/v2\/media?parent=36450"}],"wp:term":[{"taxonomy":"category","embeddable":true,"href":"https:\/\/www.caririemacao.com\/1\/wp-json\/wp\/v2\/categories?post=36450"},{"taxonomy":"post_tag","embeddable":true,"href":"https:\/\/www.caririemacao.com\/1\/wp-json\/wp\/v2\/tags?post=36450"}],"curies":[{"name":"wp","href":"https:\/\/api.w.org\/{rel}","templated":true}]}}