{"id":36456,"date":"2018-01-07T11:34:12","date_gmt":"2018-01-07T14:34:12","guid":{"rendered":"http:\/\/caririemacao.com\/1\/?p=36456"},"modified":"2018-01-07T11:39:02","modified_gmt":"2018-01-07T14:39:02","slug":"ricardo-admite-presenca-de-veneziano-na-majoritaria-seria-um-ganho-expressivo","status":"publish","type":"post","link":"https:\/\/www.caririemacao.com\/1\/2018\/01\/07\/ricardo-admite-presenca-de-veneziano-na-majoritaria-seria-um-ganho-expressivo\/","title":{"rendered":"Ricardo admite presen\u00e7a de Veneziano na majorit\u00e1ria: &#8220;Seria um ganho expressivo&#8221;"},"content":{"rendered":"<p>O governador Ricardo Coutinho (PSB) admitiu neste s\u00e1bado (6), que a presen\u00e7a do deputado federal Veneziano Vital do R\u00eago (MDB) na chapa majorit\u00e1ria para as elei\u00e7\u00f5es de 2018 seria um \u201cganho expressivo\u201d.<\/p>\n<p>Para Coutinho, o deputado e ex-prefeito de Campina Grande tem \u2018calibre\u2019 e a &#8216;hist\u00f3ria&#8217; necess\u00e1rios para compor junto com o partido girassol no pleito deste ano.<\/p>\n<p>\u201cA forma\u00e7\u00e3o da chapa, se ela contar com uma pessoa do calibre e da import\u00e2ncia de Veneziano, sem d\u00favida nenhuma \u00e9 um ganho expressivo. A pr\u00f3pria hist\u00f3ria dele refor\u00e7a isso que estou dizendo, e eu particularmente ficaria muito feliz em poder votar em algu\u00e9m como Veneziano para o Senado, sem d\u00favida nenhuma seria um grande representante\u201d, destacou.<\/p>\n<p>A possibilidade de candidatura de Ven\u00e9 foi levantada ap\u00f3s o pr\u00e9-candidato ao Governo pelo PSB, Jo\u00e3o Azevedo, se reunir ontem \u00e0 noite com o deputado no apartamento do parlamentar. Azevedo tomou as r\u00e9deas da articula\u00e7\u00e3o que pode culminar com Veneziano concorrendo ao Senado.<\/p>\n<p><strong>CARIRI EM A\u00c7\u00c3O<\/strong><\/p>\n<p><em>Com G1 \/Foto: Cariri em A\u00e7\u00e3o<\/em><\/p>\n<p><strong>Leia mais not\u00edcias em\u00a0<\/strong><a href=\"http:\/\/www.caririemacao.com\/\"><strong>caririemacao.com<\/strong><\/a><strong>, siga nossa p\u00e1gina no\u00a0<\/strong><a href=\"https:\/\/www.facebook.com\/CaririEmAcao\/?ref=aymt_homepage_panel\"><strong>Facebook<\/strong><\/a>,<strong>\u00a0<\/strong><a href=\"https:\/\/www.instagram.com\/cariri_em_acao\/?hl=pt-br\"><strong>Instagram<\/strong><\/a><strong>\u00a0e <\/strong><a href=\"https:\/\/www.youtube.com\/channel\/UCAptA0jQuYQy8vMhLt2m4qg\"><strong>Youtube<\/strong><\/a><strong>\u00a0e veja nossas mat\u00e9rias, v\u00eddeos e fotos. Voc\u00ea tamb\u00e9m pode enviar informa\u00e7\u00f5es \u00e0 Reda\u00e7\u00e3o do Portal Cariri em A\u00e7\u00e3o pelo WhatsApp (83) 9 9634.5791, (83) 9 9601-1162.<\/strong><\/p>\n","protected":false},"excerpt":{"rendered":"<p>O governador Ricardo Coutinho (PSB) admitiu neste s\u00e1bado (6), que a presen\u00e7a do deputado federal Veneziano Vital do R\u00eago (MDB) na chapa majorit\u00e1ria para as&hellip; <\/p>\n","protected":false},"author":2,"featured_media":36457,"comment_status":"closed","ping_status":"closed","sticky":false,"template":"","format":"standard","meta":{"sfsi_plus_gutenberg_text_before_share":"","sfsi_plus_gutenberg_show_text_before_share":"","sfsi_plus_gutenberg_icon_type":"","sfsi_plus_gutenberg_icon_alignemt":"","sfsi_plus_gutenburg_max_per_row":"","footnotes":""},"categories":[1],"tags":[],"class_list":["post-36456","post","type-post","status-publish","format-standard","has-post-thumbnail","hentry","category-o-site"],"_links":{"self":[{"href":"https:\/\/www.caririemacao.com\/1\/wp-json\/wp\/v2\/posts\/36456","targetHints":{"allow":["GET"]}}],"collection":[{"href":"https:\/\/www.caririemacao.com\/1\/wp-json\/wp\/v2\/posts"}],"about":[{"href":"https:\/\/www.caririemacao.com\/1\/wp-json\/wp\/v2\/types\/post"}],"author":[{"embeddable":true,"href":"https:\/\/www.caririemacao.com\/1\/wp-json\/wp\/v2\/users\/2"}],"replies":[{"embeddable":true,"href":"https:\/\/www.caririemacao.com\/1\/wp-json\/wp\/v2\/comments?post=36456"}],"version-history":[{"count":0,"href":"https:\/\/www.caririemacao.com\/1\/wp-json\/wp\/v2\/posts\/36456\/revisions"}],"wp:featuredmedia":[{"embeddable":true,"href":"https:\/\/www.caririemacao.com\/1\/wp-json\/wp\/v2\/media\/36457"}],"wp:attachment":[{"href":"https:\/\/www.caririemacao.com\/1\/wp-json\/wp\/v2\/media?parent=36456"}],"wp:term":[{"taxonomy":"category","embeddable":true,"href":"https:\/\/www.caririemacao.com\/1\/wp-json\/wp\/v2\/categories?post=36456"},{"taxonomy":"post_tag","embeddable":true,"href":"https:\/\/www.caririemacao.com\/1\/wp-json\/wp\/v2\/tags?post=36456"}],"curies":[{"name":"wp","href":"https:\/\/api.w.org\/{rel}","templated":true}]}}