{"id":36483,"date":"2018-01-07T12:37:50","date_gmt":"2018-01-07T15:37:50","guid":{"rendered":"http:\/\/caririemacao.com\/1\/?p=36483"},"modified":"2018-01-07T12:38:45","modified_gmt":"2018-01-07T15:38:45","slug":"presidenciaveis-mudam-discurso-e-defendem-posicoes-antes-criticadas-por-eles-proprios","status":"publish","type":"post","link":"https:\/\/www.caririemacao.com\/1\/2018\/01\/07\/presidenciaveis-mudam-discurso-e-defendem-posicoes-antes-criticadas-por-eles-proprios\/","title":{"rendered":"Presidenci\u00e1veis mudam discurso e defendem posi\u00e7\u00f5es antes criticadas por eles pr\u00f3prios"},"content":{"rendered":"<div class=\"paddle previous loaded\" data-aop=\"paddles_prev\" data-id=\"98\" data-m=\"{&quot;i&quot;:98,&quot;p&quot;:97,&quot;n&quot;:&quot;HeadlineItemViewModel&quot;,&quot;y&quot;:13,&quot;l&quot;:&quot;BBHS98m&quot;,&quot;h&quot;:0,&quot;v&quot;:&quot;news&quot;,&quot;c&quot;:&quot;newseducation&quot;,&quot;o&quot;:1}\"><\/div>\n<article class=\"articlecontent loaded\" tabindex=\"0\" data-aop=\"article\">\n<section class=\"articlebody\" data-aop=\"articlebody\">Rosto velho, roupa nova. A express\u00e3o \u201cse n\u00e3o me falha a mem\u00f3ria&#8230;\u201d dever\u00e1 ser muito usada neste ano eleitoral. Afinal, \u201cse n\u00e3o me falha a mem\u00f3ria\u201d, o candidato que hoje prega contra a reforma da Previd\u00eancia j\u00e1 foi mais simp\u00e1tico \u00e0s mudan\u00e7as no setor. \u201cSe n\u00e3o me falha a mem\u00f3ria\u201d, outro presidenci\u00e1vel que hoje garante que vai privatizar diversas estatais j\u00e1 jurou que jamais tocaria em nenhuma delas. Pol\u00edticos realmente mudam de opini\u00e3o ou apenas adaptam seus discursos de acordo com a plateia ou conveni\u00eancia eleitoral?Quando a mem\u00f3ria falha ainda \u00e9 poss\u00edvel ir ao Google ou \u00e0s redes sociais para se certificar daquilo que foi dito em outro \u201cmomento\u201d.<\/p>\n<p>Veja o caso do deputado e presidenci\u00e1vel Jair Bolsonaro (PSC-RJ), que acaba de se acertar com o PSL e refor\u00e7a a ideia de ser um defensor da economia de mercado. Recentemente, Bolsonaro escreveu que \u201co Brasil precisa de um Banco Central independente!\u201d. Para ele, com a independ\u00eancia do BC, \u201cprofissionais ter\u00e3o autonomia para garantir \u00e0 sociedade que nunca mais presidentes populistas colocar\u00e3o a estabilidade do Pa\u00eds em risco\u201d.<\/p>\n<p>Em 2016, por\u00e9m, questionado sobre o tema, proferiu: \u201cDa\u00ed eles decidem a taxa de juros de acordo com os interesses dos colegas do mercado financeiro? Ent\u00e3o \u00e9 melhor o pessoal do BC governar o Pa\u00eds como se uma junta fosse\u201d. Procurada, a assessoria do deputado informou que ele n\u00e3o se manifestaria.<\/p>\n<p>Al\u00e9m de Bolsonaro, outros presidenci\u00e1veis tamb\u00e9m mudaram ou adaptaram seus discursos. Se hoje o ex-presidente Luiz In\u00e1cio Lula da Silva chama a reforma da Previd\u00eancia de \u201ccrime contra o povo mais pobre\u201d, em 2015 ele pensava um pouco diferente. Em entrevista, Lula falou: \u201cA gente morria com 60 anos de idade, com 50 anos de idade, agora a gente t\u00e1 morrendo com 75 (&#8230;).Voc\u00ea n\u00e3o pode ficar com a mesma lei que voc\u00ea tinha feito h\u00e1 50 anos\u201d.<\/p>\n<p>Questionada, a assessoria do petista afirmou que n\u00e3o h\u00e1 contradi\u00e7\u00e3o e que Lula \u00e9 contra \u201cessa reforma da Previd\u00eancia, proposta por Michel Temer\u201d.<\/p>\n<p>J\u00e1 o governador Geraldo Alckmin (PSDB), que, em novembro passado, declarou que \u201cum ter\u00e7o das estatais federais foi criada pelo PT e que a maioria delas deve ser privatizada\u201d, j\u00e1 teve opini\u00e3o diferente. Na elei\u00e7\u00e3o de 2006, quando disputou o segundo turno com Lula, ele dizia n\u00e3o existir nenhum projeto de privatiza\u00e7\u00e3o. \u201cVamos investir em empresas p\u00fablicas, como Banco do Brasil, Correios, Caixa e Petrobr\u00e1s.\u201d Na mesma elei\u00e7\u00e3o, Alckmin chegou a vestir jaqueta com o logotipo de estatais para indicar que n\u00e3o iria privatiz\u00e1-las.<\/p>\n<p>Questionado agora, o tucano disse que em 2006 procurou \u201ccontestar Lula\u201d. \u201cEle dizia que eu ia privatizar Banco do Brasil e Petrobr\u00e1s. Eram mentiras. Mas eu sempre fui favor\u00e1vel \u00e0 redu\u00e7\u00e3o do tamanho do Estado\u201d, afirmou.<\/p>\n<p><strong>Discursos.<\/strong>\u00a0Para o cientista pol\u00edtico Claudio Couto, da Funda\u00e7\u00e3o Getulio Vargas (FGV-SP), essas \u201creorienta\u00e7\u00f5es de discursos\u201d t\u00eam ocorrido em um grau cada vez mais forte. \u201cIsso acontece porque o discurso que se faz dentro dos partidos para animar as milit\u00e2ncias costuma ser muito diferente do discurso que \u00e9 produzido para conquistar o eleitor comum.\u201d<\/p>\n<p><strong>CARIRI EM A\u00c7\u00c3O<\/strong><\/p>\n<p><em>Com Estad\u00e3o \/Foto: Reprodu\u00e7\u00e3o google<\/em><\/p>\n<p><strong>Leia mais not\u00edcias em\u00a0<\/strong><a href=\"http:\/\/www.caririemacao.com\/\"><strong>caririemacao.com<\/strong><\/a><strong>, siga nossa p\u00e1gina no\u00a0<\/strong><a href=\"https:\/\/www.facebook.com\/CaririEmAcao\/?ref=aymt_homepage_panel\"><strong>Facebook<\/strong><\/a>,<strong>\u00a0<\/strong><a href=\"https:\/\/www.instagram.com\/cariri_em_acao\/?hl=pt-br\"><strong>Instagram<\/strong><\/a><strong>\u00a0e <\/strong><a href=\"https:\/\/www.youtube.com\/channel\/UCAptA0jQuYQy8vMhLt2m4qg\"><strong>Youtube<\/strong><\/a><strong>\u00a0e veja nossas mat\u00e9rias, v\u00eddeos e fotos. Voc\u00ea tamb\u00e9m pode enviar informa\u00e7\u00f5es \u00e0 Reda\u00e7\u00e3o do Portal Cariri em A\u00e7\u00e3o pelo WhatsApp (83) 9 9634.5791, (83) 9 9601-1162.<\/strong><\/p>\n<\/section>\n<\/article>\n","protected":false},"excerpt":{"rendered":"<p>Rosto velho, roupa nova. A express\u00e3o \u201cse n\u00e3o me falha a mem\u00f3ria&#8230;\u201d dever\u00e1 ser muito usada neste ano eleitoral. Afinal, \u201cse n\u00e3o me falha a&hellip; <\/p>\n","protected":false},"author":2,"featured_media":36484,"comment_status":"closed","ping_status":"closed","sticky":false,"template":"","format":"standard","meta":{"sfsi_plus_gutenberg_text_before_share":"","sfsi_plus_gutenberg_show_text_before_share":"","sfsi_plus_gutenberg_icon_type":"","sfsi_plus_gutenberg_icon_alignemt":"","sfsi_plus_gutenburg_max_per_row":"","footnotes":""},"categories":[1],"tags":[],"class_list":["post-36483","post","type-post","status-publish","format-standard","has-post-thumbnail","hentry","category-o-site"],"_links":{"self":[{"href":"https:\/\/www.caririemacao.com\/1\/wp-json\/wp\/v2\/posts\/36483","targetHints":{"allow":["GET"]}}],"collection":[{"href":"https:\/\/www.caririemacao.com\/1\/wp-json\/wp\/v2\/posts"}],"about":[{"href":"https:\/\/www.caririemacao.com\/1\/wp-json\/wp\/v2\/types\/post"}],"author":[{"embeddable":true,"href":"https:\/\/www.caririemacao.com\/1\/wp-json\/wp\/v2\/users\/2"}],"replies":[{"embeddable":true,"href":"https:\/\/www.caririemacao.com\/1\/wp-json\/wp\/v2\/comments?post=36483"}],"version-history":[{"count":0,"href":"https:\/\/www.caririemacao.com\/1\/wp-json\/wp\/v2\/posts\/36483\/revisions"}],"wp:featuredmedia":[{"embeddable":true,"href":"https:\/\/www.caririemacao.com\/1\/wp-json\/wp\/v2\/media\/36484"}],"wp:attachment":[{"href":"https:\/\/www.caririemacao.com\/1\/wp-json\/wp\/v2\/media?parent=36483"}],"wp:term":[{"taxonomy":"category","embeddable":true,"href":"https:\/\/www.caririemacao.com\/1\/wp-json\/wp\/v2\/categories?post=36483"},{"taxonomy":"post_tag","embeddable":true,"href":"https:\/\/www.caririemacao.com\/1\/wp-json\/wp\/v2\/tags?post=36483"}],"curies":[{"name":"wp","href":"https:\/\/api.w.org\/{rel}","templated":true}]}}