{"id":36489,"date":"2018-01-07T12:46:03","date_gmt":"2018-01-07T15:46:03","guid":{"rendered":"http:\/\/caririemacao.com\/1\/?p=36489"},"modified":"2018-01-07T12:46:03","modified_gmt":"2018-01-07T15:46:03","slug":"professora-leila-assume-comando-do-avante-mulher-e-disputara-vaga-na-alpb","status":"publish","type":"post","link":"https:\/\/www.caririemacao.com\/1\/2018\/01\/07\/professora-leila-assume-comando-do-avante-mulher-e-disputara-vaga-na-alpb\/","title":{"rendered":"Professora Leila assume comando do Avante Mulher e disputar\u00e1 vaga na ALPB"},"content":{"rendered":"<p>A ex-candidata ao Senado paraibano e professora Leila Fonseca anunciou neste s\u00e1bado (06) sua candidatura ao Avante ao lado do presidente estadual do partido, Genival Matias. Ela pretende lan\u00e7ar sua candidatura para o cargo de deputada estadual nas elei\u00e7\u00f5es de 2018.<\/p>\n<p>Leila pertenceu aos quadros do PROS, partido pelo qual lan\u00e7ou sua candidatura ao Senado em 2014. Ela obteve 46.627 votos.<\/p>\n<p>Com a filia\u00e7\u00e3o ao novo partido, Leila assume o comando estadual do Avante Mulher. Ela \u00e9 esposa ainda do ex-vereador de Jo\u00e3o Pessoa e atual presidente do PR municipal, Djanilson da Fonseca.<\/p>\n<p><strong>CARIRI EM A\u00c7\u00c3O<\/strong><\/p>\n<p><em>Com Click PB \/Foto: Reprodu\u00e7\u00e3o google<\/em><\/p>\n<p><strong>Leia mais not\u00edcias em\u00a0<\/strong><a href=\"http:\/\/www.caririemacao.com\/\"><strong>caririemacao.com<\/strong><\/a><strong>, siga nossa p\u00e1gina no\u00a0<\/strong><a href=\"https:\/\/www.facebook.com\/CaririEmAcao\/?ref=aymt_homepage_panel\"><strong>Facebook<\/strong><\/a>,<strong>\u00a0<\/strong><a href=\"https:\/\/www.instagram.com\/cariri_em_acao\/?hl=pt-br\"><strong>Instagram<\/strong><\/a><strong>\u00a0e <\/strong><a href=\"https:\/\/www.youtube.com\/channel\/UCAptA0jQuYQy8vMhLt2m4qg\"><strong>Youtube<\/strong><\/a><strong>\u00a0e veja nossas mat\u00e9rias, v\u00eddeos e fotos. Voc\u00ea tamb\u00e9m pode enviar informa\u00e7\u00f5es \u00e0 Reda\u00e7\u00e3o do Portal Cariri em A\u00e7\u00e3o pelo WhatsApp (83) 9 9634.5791, (83) 9 9601-1162.<\/strong><\/p>\n","protected":false},"excerpt":{"rendered":"<p>A ex-candidata ao Senado paraibano e professora Leila Fonseca anunciou neste s\u00e1bado (06) sua candidatura ao Avante ao lado do presidente estadual do partido, Genival&hellip; <\/p>\n","protected":false},"author":2,"featured_media":36490,"comment_status":"closed","ping_status":"closed","sticky":false,"template":"","format":"standard","meta":{"sfsi_plus_gutenberg_text_before_share":"","sfsi_plus_gutenberg_show_text_before_share":"","sfsi_plus_gutenberg_icon_type":"","sfsi_plus_gutenberg_icon_alignemt":"","sfsi_plus_gutenburg_max_per_row":"","footnotes":""},"categories":[11],"tags":[],"class_list":["post-36489","post","type-post","status-publish","format-standard","has-post-thumbnail","hentry","category-politica"],"_links":{"self":[{"href":"https:\/\/www.caririemacao.com\/1\/wp-json\/wp\/v2\/posts\/36489","targetHints":{"allow":["GET"]}}],"collection":[{"href":"https:\/\/www.caririemacao.com\/1\/wp-json\/wp\/v2\/posts"}],"about":[{"href":"https:\/\/www.caririemacao.com\/1\/wp-json\/wp\/v2\/types\/post"}],"author":[{"embeddable":true,"href":"https:\/\/www.caririemacao.com\/1\/wp-json\/wp\/v2\/users\/2"}],"replies":[{"embeddable":true,"href":"https:\/\/www.caririemacao.com\/1\/wp-json\/wp\/v2\/comments?post=36489"}],"version-history":[{"count":0,"href":"https:\/\/www.caririemacao.com\/1\/wp-json\/wp\/v2\/posts\/36489\/revisions"}],"wp:featuredmedia":[{"embeddable":true,"href":"https:\/\/www.caririemacao.com\/1\/wp-json\/wp\/v2\/media\/36490"}],"wp:attachment":[{"href":"https:\/\/www.caririemacao.com\/1\/wp-json\/wp\/v2\/media?parent=36489"}],"wp:term":[{"taxonomy":"category","embeddable":true,"href":"https:\/\/www.caririemacao.com\/1\/wp-json\/wp\/v2\/categories?post=36489"},{"taxonomy":"post_tag","embeddable":true,"href":"https:\/\/www.caririemacao.com\/1\/wp-json\/wp\/v2\/tags?post=36489"}],"curies":[{"name":"wp","href":"https:\/\/api.w.org\/{rel}","templated":true}]}}