{"id":36502,"date":"2018-01-07T12:58:58","date_gmt":"2018-01-07T15:58:58","guid":{"rendered":"http:\/\/caririemacao.com\/1\/?p=36502"},"modified":"2018-01-07T12:58:58","modified_gmt":"2018-01-07T15:58:58","slug":"governistas-mordem-a-isca-ao-focar-desuniao-entre-partidos-da-oposicao","status":"publish","type":"post","link":"https:\/\/www.caririemacao.com\/1\/2018\/01\/07\/governistas-mordem-a-isca-ao-focar-desuniao-entre-partidos-da-oposicao\/","title":{"rendered":"Governistas mordem a isca ao focar desuni\u00e3o entre partidos da oposi\u00e7\u00e3o"},"content":{"rendered":"<p>Pode nem ser volunt\u00e1rio, mas tem surtido efeito a propalada desuni\u00e3o entre os partidos da oposi\u00e7\u00e3o. O clima de incerteza em rela\u00e7\u00e3o \u00e0 composi\u00e7\u00e3o da chapa, com o molho da desuni\u00e3o, tem feito com que os partidos de oposi\u00e7\u00e3o n\u00e3o saiam das manchetes. As rodas de conversas pol\u00edticas tamb\u00e9m n\u00e3o saem do tema. Resultado: ponto para os prefeitos Luciano Cartaxo (PSD) e Romero Rodrigues (PSDB), de Jo\u00e3o Pessoa e Campina Grande, respectivamente. Ponto tamb\u00e9m para os senadores Jos\u00e9 Maranh\u00e3o (MDB) e C\u00e1ssio Cunha Lima, o primeiro disposto \u00e0 disputa do governo e o segundo \u00e0 reelei\u00e7\u00e3o. Ruim para o secret\u00e1rio de Infraestrutura do Estado, Jo\u00e3o Azevedo (PSB), nome governista para a disputa. Isso por que Jo\u00e3o tem estado fora das discuss\u00f5es e das manchetes.<\/p>\n<p>Apesar de n\u00e3o ser marqueteiro pol\u00edtico, a experi\u00eancia me acostumou a observar cen\u00e1rios e movimentos. E \u00e9 claro que se eu fosse consultado sobre estrat\u00e9gia inteligente por qualquer candidato, apontaria este caminho. O clima de incerteza gera m\u00eddia e exposi\u00e7\u00e3o gratuitas. Ao contr\u00e1rio da ala governista, que j\u00e1 tem Jo\u00e3o Azevedo como candidato, a oposi\u00e7\u00e3o se reveste de mist\u00e9rio. H\u00e1 nomes fortes, mas nenhum candidato natural. Entre os nomes postos, Cartaxo aparece em melhor situa\u00e7\u00e3o, por ser prefeito da capital e n\u00e3o cometer erros graves na gest\u00e3o. A reelei\u00e7\u00e3o no primeiro turno mostrou isso. Por\u00e9m, n\u00e3o h\u00e1 como desconsiderar Romero Rodrigues no xadrez. Maranh\u00e3o corre por fora no processo, com chances m\u00ednimas.<\/p>\n<figure id=\"attachment_36503\" aria-describedby=\"caption-attachment-36503\" style=\"width: 1024px\" class=\"wp-caption alignnone\"><a href=\"http:\/\/caririemacao.com\/1\/wp-content\/uploads\/2018\/01\/Veneziano-e-Azevedo-1024x768.jpeg\"><img fetchpriority=\"high\" decoding=\"async\" class=\"wp-image-36503 size-full\" src=\"http:\/\/caririemacao.com\/1\/wp-content\/uploads\/2018\/01\/Veneziano-e-Azevedo-1024x768.jpeg\" alt=\"\" width=\"1024\" height=\"768\" srcset=\"https:\/\/www.caririemacao.com\/1\/wp-content\/uploads\/2018\/01\/Veneziano-e-Azevedo-1024x768.jpeg 1024w, https:\/\/www.caririemacao.com\/1\/wp-content\/uploads\/2018\/01\/Veneziano-e-Azevedo-1024x768-300x225.jpeg 300w, https:\/\/www.caririemacao.com\/1\/wp-content\/uploads\/2018\/01\/Veneziano-e-Azevedo-1024x768-768x576.jpeg 768w\" sizes=\"(max-width: 1024px) 100vw, 1024px\" \/><\/a><figcaption id=\"caption-attachment-36503\" class=\"wp-caption-text\">Jo\u00e3o Azevedo toma caf\u00e9 com Veneziano Vital do R\u00eago para fortalecer articula\u00e7\u00e3o. Discuss\u00e3o sobre o Senado entrou em pauta.Foto: Divulga\u00e7\u00e3o<\/figcaption><\/figure>\n<div id=\"attachment_10190\" class=\"wp-caption alignnone\">\n<p class=\"wp-caption-text\"><strong>Valorizado<\/strong><\/p>\n<\/div>\n<p>Tenho observado a movimenta\u00e7\u00e3o do senador e me divertido com as leituras pol\u00edticas em rela\u00e7\u00e3o \u00e0 velha raposa. H\u00e1 um que de exagero em rela\u00e7\u00e3o ao poderio eleitoral do parlamentar, que conheceu apogeu e ru\u00edna nas disputas eleitorais. Uma pergunta necess\u00e1ria para entender este poderio \u00e9 a cuja resposta retrata a trajet\u00f3ria do emedebista. Afinal, que Maranh\u00e3o se prepara para disputar as elei\u00e7\u00f5es? \u00c9 o eleito senador em 2014 ou o que ficou em quarto lugar na disputa pela prefeitura da capital, em 2012. O parlamentar, pode-se dizer, sempre foi um sucesso na disputa de cargos legislativos. Teve longevidade invej\u00e1vel como deputado. J\u00e1 nas disputas por cargos executivos, tem um retrospecto muito negativo. Foi governador tr\u00eas vezes, mas s\u00f3 foi eleito em uma delas.<\/p>\n<p>Maranh\u00e3o era vice de Antonio Mariz em 1994 e assumiu o governo um ano depois com a morte do titular. Em 1998, conseguiu a \u00fanica vit\u00f3ria para o Executivo, vencendo o ent\u00e3o deputado Gilvan Freire. Em 2002, foi eleito para o Senado. Depois disso, disputado para o governo foi derrotado em 2006 e em 2010. O ano de 2012 marcou a maior decep\u00e7\u00e3o eleitoral do senador. Maranh\u00e3o ficou em quarto lugar na elei\u00e7\u00e3o para prefeito vencida por Cartaxo. Figurou atr\u00e1s de C\u00edcero Lucena (PSDB) e Estela Bezerra (PSB). Daquele momento dif\u00edcil se reergueu em 2014, com a elei\u00e7\u00e3o para o Senado. De l\u00e1 para c\u00e1, tem conduzido o partido na condi\u00e7\u00e3o de ponto de desequil\u00edbrio no segundo turno das elei\u00e7\u00f5es. Nada de protagonismos, mas sempre por ali, vivo.<\/p>\n<p>Sem falar de viabilidade eleitoral dos candidatos, vale pontuar que das estrat\u00e9gias postas at\u00e9 agora, a da oposi\u00e7\u00e3o t\u00eam sido mais prof\u00edcua. A falta de defini\u00e7\u00e3o oposicionista continua tirando o brilho governista. Os aliados do governador Ricardo Coutinho, no entanto, pretendem mudar este cen\u00e1rio a partir de fevereiro, com as reuni\u00f5es do Or\u00e7amento Democr\u00e1tico. O gestor vai colocar Jo\u00e3o Azevedo embaixo dos bra\u00e7os e levar a todos os recantos do Estado, fazendo valer a for\u00e7a da m\u00e1quina. Entre uma agenda e outra, a inaugura\u00e7\u00e3o de obras para marcar a transi\u00e7\u00e3o. \u00c9 um movimento importante, mas ainda com risco de ser engolido. A campanha \u00e9 curta e os resultados precisam ser alcan\u00e7ados.<\/p>\n<p><strong>CARIRI EM A\u00c7\u00c3O<\/strong><\/p>\n<p><em>Com Suetoni JPB\/Foto:\u00a0 Divulga\u00e7\u00e3o \u00a0<\/em><\/p>\n<p><strong>Leia mais not\u00edcias em\u00a0<\/strong><a href=\"http:\/\/www.caririemacao.com\/\"><strong>caririemacao.com<\/strong><\/a><strong>, siga nossa p\u00e1gina no\u00a0<\/strong><a href=\"https:\/\/www.facebook.com\/CaririEmAcao\/?ref=aymt_homepage_panel\"><strong>Facebook<\/strong><\/a>,<strong>\u00a0<\/strong><a href=\"https:\/\/www.instagram.com\/cariri_em_acao\/?hl=pt-br\"><strong>Instagram<\/strong><\/a><strong>\u00a0e <\/strong><a href=\"https:\/\/www.youtube.com\/channel\/UCAptA0jQuYQy8vMhLt2m4qg\"><strong>Youtube<\/strong><\/a><strong>\u00a0e veja nossas mat\u00e9rias, v\u00eddeos e fotos. Voc\u00ea tamb\u00e9m pode enviar informa\u00e7\u00f5es \u00e0 Reda\u00e7\u00e3o do Portal Cariri em A\u00e7\u00e3o pelo WhatsApp (83) 9 9634.5791, (83) 9 9601-1162.<\/strong><\/p>\n","protected":false},"excerpt":{"rendered":"<p>Pode nem ser volunt\u00e1rio, mas tem surtido efeito a propalada desuni\u00e3o entre os partidos da oposi\u00e7\u00e3o. O clima de incerteza em rela\u00e7\u00e3o \u00e0 composi\u00e7\u00e3o da&hellip; <\/p>\n","protected":false},"author":2,"featured_media":36504,"comment_status":"closed","ping_status":"closed","sticky":false,"template":"","format":"standard","meta":{"sfsi_plus_gutenberg_text_before_share":"","sfsi_plus_gutenberg_show_text_before_share":"","sfsi_plus_gutenberg_icon_type":"","sfsi_plus_gutenberg_icon_alignemt":"","sfsi_plus_gutenburg_max_per_row":"","footnotes":""},"categories":[2],"tags":[],"class_list":["post-36502","post","type-post","status-publish","format-standard","has-post-thumbnail","hentry","category-geral"],"_links":{"self":[{"href":"https:\/\/www.caririemacao.com\/1\/wp-json\/wp\/v2\/posts\/36502","targetHints":{"allow":["GET"]}}],"collection":[{"href":"https:\/\/www.caririemacao.com\/1\/wp-json\/wp\/v2\/posts"}],"about":[{"href":"https:\/\/www.caririemacao.com\/1\/wp-json\/wp\/v2\/types\/post"}],"author":[{"embeddable":true,"href":"https:\/\/www.caririemacao.com\/1\/wp-json\/wp\/v2\/users\/2"}],"replies":[{"embeddable":true,"href":"https:\/\/www.caririemacao.com\/1\/wp-json\/wp\/v2\/comments?post=36502"}],"version-history":[{"count":0,"href":"https:\/\/www.caririemacao.com\/1\/wp-json\/wp\/v2\/posts\/36502\/revisions"}],"wp:featuredmedia":[{"embeddable":true,"href":"https:\/\/www.caririemacao.com\/1\/wp-json\/wp\/v2\/media\/36504"}],"wp:attachment":[{"href":"https:\/\/www.caririemacao.com\/1\/wp-json\/wp\/v2\/media?parent=36502"}],"wp:term":[{"taxonomy":"category","embeddable":true,"href":"https:\/\/www.caririemacao.com\/1\/wp-json\/wp\/v2\/categories?post=36502"},{"taxonomy":"post_tag","embeddable":true,"href":"https:\/\/www.caririemacao.com\/1\/wp-json\/wp\/v2\/tags?post=36502"}],"curies":[{"name":"wp","href":"https:\/\/api.w.org\/{rel}","templated":true}]}}