{"id":36511,"date":"2018-01-07T13:06:38","date_gmt":"2018-01-07T16:06:38","guid":{"rendered":"http:\/\/caririemacao.com\/1\/?p=36511"},"modified":"2018-01-07T13:06:38","modified_gmt":"2018-01-07T16:06:38","slug":"detran-pb-agiliza-processo-de-agendamento-para-junta-medica-especial","status":"publish","type":"post","link":"https:\/\/www.caririemacao.com\/1\/2018\/01\/07\/detran-pb-agiliza-processo-de-agendamento-para-junta-medica-especial\/","title":{"rendered":"Detran-PB agiliza processo de agendamento para Junta M\u00e9dica Especial"},"content":{"rendered":"<p>A partir desta segunda-feira (8), o Departamento Estadual de Tr\u00e2nsito (Detran-PB) altera o sistema de atendimento aos usu\u00e1rios que pretendem requerer o benef\u00edcio da isen\u00e7\u00e3o fiscal, visando \u00e0 aquisi\u00e7\u00e3o de ve\u00edculos. Com o novo sistema, o agendamento ser\u00e1 feito de forma eletr\u00f4nica pelo m\u00e9dico examinador perante a Junta M\u00e9dica Especial, ap\u00f3s o candidato iniciar o processo.<\/p>\n<p>O procedimento, que era feito no papel, passa a ser realizado de forma eletr\u00f4nica, propiciando mais agilidade, seguran\u00e7a e conforto. Para isso, o usu\u00e1rio dever\u00e1 primeiramente emitir o boleto de pagamento e, em seguida, realizar a primeira consulta junto ao perito do Detran. Ap\u00f3s a confirma\u00e7\u00e3o do enquadramento do candidato nos requisitos para avalia\u00e7\u00e3o da Junta M\u00e9dica Especial, o m\u00e9dico agendar\u00e1 no novo sistema a data de atendimento do usu\u00e1rio.<\/p>\n<p><b>Passo a passo\u00a0<\/b>\u2013 Segundo o chefe da Controladoria Regional de Tr\u00e2nsito (CRT), Manoel Soares Neto, o candidato que pretender alterar sua CNH para obten\u00e7\u00e3o do benef\u00edcio da isen\u00e7\u00e3o fiscal dever\u00e1 obedecer ao seguinte tr\u00e2mite: primeiro, pagar a guia de recolhimento, que lhe dar\u00e1 o direito de fazer uso do servi\u00e7o; e ap\u00f3s o pagamento da guia, dever\u00e1 se dirigir a qualquer posto de atendimento do Detran, onde um servidor far\u00e1 o encaminhamento para o perito-m\u00e9dico examinador.<\/p>\n<p>Neto explicou ainda que somente o perito \u00e9 quem vai fazer o encaminhamento para o agendamento perante a Junta M\u00e9dica Especial. \u201cO pagamento da guia n\u00e3o d\u00e1 o pleno direito de que o candidato vai gozar do benef\u00edcio. Somente ap\u00f3s o exame atestando a sua defici\u00eancia, e ap\u00f3s altera\u00e7\u00e3o dos dados da CNH, \u00e9 que ele ir\u00e1 pleitear o benef\u00edcio junto \u00e0s Receitas Estadual ou Federal. Se ao final n\u00e3o lograr \u00eaxito, ou seja, o examinador n\u00e3o atestar que ele faz jus, o candidato n\u00e3o poder\u00e1 pleitear o benef\u00edcio e nem o ressarcimento da guia paga\u201d.<\/p>\n<p>Quanto aos atendimentos anteriormente agendados, o chefe da CRT garantiu que eles ser\u00e3o inclu\u00eddos no novo sistema eletr\u00f4nico, encaixados dentro do cronograma, sem preju\u00edzo aos candidatos.<\/p>\n<p><strong>CARIRI EM A\u00c7\u00c3O<\/strong><\/p>\n<p><em>Com Secom PB \/Foto: Reprodu\u00e7\u00e3o google<\/em><\/p>\n<p><strong>Leia mais not\u00edcias em\u00a0<\/strong><a href=\"http:\/\/www.caririemacao.com\/\"><strong>caririemacao.com<\/strong><\/a><strong>, siga nossa p\u00e1gina no\u00a0<\/strong><a href=\"https:\/\/www.facebook.com\/CaririEmAcao\/?ref=aymt_homepage_panel\"><strong>Facebook<\/strong><\/a>,<strong>\u00a0<\/strong><a href=\"https:\/\/www.instagram.com\/cariri_em_acao\/?hl=pt-br\"><strong>Instagram<\/strong><\/a><strong>\u00a0e <\/strong><a href=\"https:\/\/www.youtube.com\/channel\/UCAptA0jQuYQy8vMhLt2m4qg\"><strong>Youtube<\/strong><\/a><strong>\u00a0e veja nossas mat\u00e9rias, v\u00eddeos e fotos. Voc\u00ea tamb\u00e9m pode enviar informa\u00e7\u00f5es \u00e0 Reda\u00e7\u00e3o do Portal Cariri em A\u00e7\u00e3o pelo WhatsApp (83) 9 9634.5791, (83) 9 9601-1162.<\/strong><\/p>\n","protected":false},"excerpt":{"rendered":"<p>A partir desta segunda-feira (8), o Departamento Estadual de Tr\u00e2nsito (Detran-PB) altera o sistema de atendimento aos usu\u00e1rios que pretendem requerer o benef\u00edcio da isen\u00e7\u00e3o&hellip; <\/p>\n","protected":false},"author":2,"featured_media":8855,"comment_status":"closed","ping_status":"closed","sticky":false,"template":"","format":"standard","meta":{"sfsi_plus_gutenberg_text_before_share":"","sfsi_plus_gutenberg_show_text_before_share":"","sfsi_plus_gutenberg_icon_type":"","sfsi_plus_gutenberg_icon_alignemt":"","sfsi_plus_gutenburg_max_per_row":"","footnotes":""},"categories":[2],"tags":[],"class_list":["post-36511","post","type-post","status-publish","format-standard","has-post-thumbnail","hentry","category-geral"],"_links":{"self":[{"href":"https:\/\/www.caririemacao.com\/1\/wp-json\/wp\/v2\/posts\/36511","targetHints":{"allow":["GET"]}}],"collection":[{"href":"https:\/\/www.caririemacao.com\/1\/wp-json\/wp\/v2\/posts"}],"about":[{"href":"https:\/\/www.caririemacao.com\/1\/wp-json\/wp\/v2\/types\/post"}],"author":[{"embeddable":true,"href":"https:\/\/www.caririemacao.com\/1\/wp-json\/wp\/v2\/users\/2"}],"replies":[{"embeddable":true,"href":"https:\/\/www.caririemacao.com\/1\/wp-json\/wp\/v2\/comments?post=36511"}],"version-history":[{"count":0,"href":"https:\/\/www.caririemacao.com\/1\/wp-json\/wp\/v2\/posts\/36511\/revisions"}],"wp:featuredmedia":[{"embeddable":true,"href":"https:\/\/www.caririemacao.com\/1\/wp-json\/wp\/v2\/media\/8855"}],"wp:attachment":[{"href":"https:\/\/www.caririemacao.com\/1\/wp-json\/wp\/v2\/media?parent=36511"}],"wp:term":[{"taxonomy":"category","embeddable":true,"href":"https:\/\/www.caririemacao.com\/1\/wp-json\/wp\/v2\/categories?post=36511"},{"taxonomy":"post_tag","embeddable":true,"href":"https:\/\/www.caririemacao.com\/1\/wp-json\/wp\/v2\/tags?post=36511"}],"curies":[{"name":"wp","href":"https:\/\/api.w.org\/{rel}","templated":true}]}}