{"id":36516,"date":"2018-01-07T21:17:51","date_gmt":"2018-01-08T00:17:51","guid":{"rendered":"http:\/\/caririemacao.com\/1\/?p=36516"},"modified":"2018-01-07T21:17:51","modified_gmt":"2018-01-08T00:17:51","slug":"comissao-organizadora-define-atracoes-artisticas-que-abrilhantarao-a-festa-do-padroeiro-sao-sebastiao-2018","status":"publish","type":"post","link":"https:\/\/www.caririemacao.com\/1\/2018\/01\/07\/comissao-organizadora-define-atracoes-artisticas-que-abrilhantarao-a-festa-do-padroeiro-sao-sebastiao-2018\/","title":{"rendered":"Comiss\u00e3o organizadora define atra\u00e7\u00f5es art\u00edsticas que abrilhantar\u00e3o a Festa do Padroeiro S\u00e3o Sebasti\u00e3o 2018"},"content":{"rendered":"<div>O Prefeito In\u00e1cio N\u00f3brega reuniu nos \u00faltimos dias 2 e 3, os membros da comiss\u00e3o organizadora da festa social do padroeiro S\u00e3o Sebasti\u00e3o, para definir as atra\u00e7\u00f5es art\u00edsticas que se apresentar\u00e3o durante os dias 19 e 20 em pra\u00e7a p\u00fablica.<\/div>\n<div><\/div>\n<div>Ap\u00f3s intensa busca devido a agenda lotada dos artistas, a comiss\u00e3o organizadora com o aval do prefeito In\u00e1cio e da primeira dama Cleid<span class=\"\u201ctext_exposed_show\u201c\">e N\u00f3brega, encontraram nomes que agradaram a popula\u00e7\u00e3o amparense que aguardava ansiosa o nome das principais atra\u00e7\u00f5es art\u00edsticas, um detalhe \u00e9 que al\u00e9m dos grandes nomes em n\u00edvel nacional, a comiss\u00e3o organizadora estar\u00e1 abrindo espa\u00e7o para os artistas em n\u00edvel regional, bem como valorizando os artistas prata da casa. Segundo o prefeito In\u00e1cio, se fez necess\u00e1rio um cuidado muito especial na realiza\u00e7\u00e3o do evento deste ano, dado o atual quadro econ\u00f4mico pelo qual o munic\u00edpio passa. No entanto, temos a certeza de que os artistas que por aqui passar\u00e3o, ir\u00e3o agradar e muito aos que se fizerem presentes em mais este evento no nosso munic\u00edpio, disse o prefeito. Confira a grade de apresenta\u00e7\u00f5es.<\/span><\/div>\n<div><\/div>\n<div class=\"\u201ctext_exposed_show\u201c\">\n<div><strong>Dia &#8211; 19 &#8211; sexta-feira<\/strong><\/div>\n<div>* Ricardo Soares e Charles<\/div>\n<div>* FORROZ\u00c3O DAS ANTIGAS<\/div>\n<div>* Allison e Forr\u00f3 Levado<\/div>\n<div><\/div>\n<div><strong>Dia &#8211; 20 &#8211; s\u00e1bado<\/strong><\/div>\n<div>* Jo\u00e3o Tayrone<\/div>\n<div>* Genildo e Ginaldo<\/div>\n<div>* SANTANA &#8211; \u201cO CANTADOR\u201c<\/div>\n<div>* Bedeu Quirino e Forr\u00f3 na Onda<\/div>\n<p><strong>CARIRI EM A\u00c7\u00c3O<\/strong><\/p>\n<p><em>Com Secom-PM\/Foto: Reprodu\u00e7\u00e3o google<\/em><\/p>\n<p><strong>Leia mais not\u00edcias em\u00a0<\/strong><a href=\"http:\/\/www.caririemacao.com\/\"><strong>caririemacao.com<\/strong><\/a><strong>, siga nossa p\u00e1gina no\u00a0<\/strong><a href=\"https:\/\/www.facebook.com\/CaririEmAcao\/?ref=aymt_homepage_panel\"><strong>Facebook<\/strong><\/a>,<strong>\u00a0<\/strong><a href=\"https:\/\/www.instagram.com\/cariri_em_acao\/?hl=pt-br\"><strong>Instagram<\/strong><\/a><strong>\u00a0e <\/strong><a href=\"https:\/\/www.youtube.com\/channel\/UCAptA0jQuYQy8vMhLt2m4qg\"><strong>Youtube<\/strong><\/a><strong>\u00a0e veja nossas mat\u00e9rias, v\u00eddeos e fotos. Voc\u00ea tamb\u00e9m pode enviar informa\u00e7\u00f5es \u00e0 Reda\u00e7\u00e3o do Portal Cariri em A\u00e7\u00e3o pelo WhatsApp (83) 9 9634.5791, (83) 9 9601-1162.<\/strong><\/p>\n<\/div>\n","protected":false},"excerpt":{"rendered":"<p>O Prefeito In\u00e1cio N\u00f3brega reuniu nos \u00faltimos dias 2 e 3, os membros da comiss\u00e3o organizadora da festa social do padroeiro S\u00e3o Sebasti\u00e3o, para definir&hellip; <\/p>\n","protected":false},"author":2,"featured_media":36519,"comment_status":"closed","ping_status":"closed","sticky":false,"template":"","format":"standard","meta":{"sfsi_plus_gutenberg_text_before_share":"","sfsi_plus_gutenberg_show_text_before_share":"","sfsi_plus_gutenberg_icon_type":"","sfsi_plus_gutenberg_icon_alignemt":"","sfsi_plus_gutenburg_max_per_row":"","footnotes":""},"categories":[6],"tags":[],"class_list":["post-36516","post","type-post","status-publish","format-standard","has-post-thumbnail","hentry","category-cidades"],"_links":{"self":[{"href":"https:\/\/www.caririemacao.com\/1\/wp-json\/wp\/v2\/posts\/36516","targetHints":{"allow":["GET"]}}],"collection":[{"href":"https:\/\/www.caririemacao.com\/1\/wp-json\/wp\/v2\/posts"}],"about":[{"href":"https:\/\/www.caririemacao.com\/1\/wp-json\/wp\/v2\/types\/post"}],"author":[{"embeddable":true,"href":"https:\/\/www.caririemacao.com\/1\/wp-json\/wp\/v2\/users\/2"}],"replies":[{"embeddable":true,"href":"https:\/\/www.caririemacao.com\/1\/wp-json\/wp\/v2\/comments?post=36516"}],"version-history":[{"count":0,"href":"https:\/\/www.caririemacao.com\/1\/wp-json\/wp\/v2\/posts\/36516\/revisions"}],"wp:featuredmedia":[{"embeddable":true,"href":"https:\/\/www.caririemacao.com\/1\/wp-json\/wp\/v2\/media\/36519"}],"wp:attachment":[{"href":"https:\/\/www.caririemacao.com\/1\/wp-json\/wp\/v2\/media?parent=36516"}],"wp:term":[{"taxonomy":"category","embeddable":true,"href":"https:\/\/www.caririemacao.com\/1\/wp-json\/wp\/v2\/categories?post=36516"},{"taxonomy":"post_tag","embeddable":true,"href":"https:\/\/www.caririemacao.com\/1\/wp-json\/wp\/v2\/tags?post=36516"}],"curies":[{"name":"wp","href":"https:\/\/api.w.org\/{rel}","templated":true}]}}