{"id":36556,"date":"2018-01-08T07:35:35","date_gmt":"2018-01-08T10:35:35","guid":{"rendered":"http:\/\/caririemacao.com\/1\/?p=36556"},"modified":"2018-01-08T07:35:35","modified_gmt":"2018-01-08T10:35:35","slug":"apos-rebelioes-ministra-carmen-lucia-viaja-a-goias-para-visitar-presidio","status":"publish","type":"post","link":"https:\/\/www.caririemacao.com\/1\/2018\/01\/08\/apos-rebelioes-ministra-carmen-lucia-viaja-a-goias-para-visitar-presidio\/","title":{"rendered":"Ap\u00f3s rebeli\u00f5es, ministra C\u00e1rmen L\u00facia viaja a Goi\u00e1s para visitar pres\u00eddio"},"content":{"rendered":"<div class=\"mc-column content-text active-extra-styles active-capital-letter\" data-block-type=\"unstyled\" data-block-weight=\"53\" data-block-id=\"2\">\n<p class=\"content-text__container theme-color-primary-first-letter\" data-track-category=\"Link no Texto\">A presidente do Supremo Tribunal Federal (STF) e do Conselho Nacional de Justi\u00e7a (CNJ), a ministra C\u00e1rmen L\u00facia, viaja a Goi\u00e1s, nesta segunda-feira (8), para visitar Complexo Prisional de Aparecida de Goi\u00e2nia, na Regi\u00e3o Metropolitana da capital, onde ocorreram tr\u00eas rebeli\u00f5es em uma semana.\u00a0O primeiro motim deixou nove mortos e 14 feridos.<\/p>\n<\/div>\n<div class=\"mc-column content-text active-extra-styles \" data-block-type=\"unstyled\" data-block-weight=\"52\" data-block-id=\"3\">\n<p class=\"content-text__container \" data-track-category=\"Link no Texto\">A ministra tamb\u00e9m deve participar de uma reuni\u00e3o no Tribunal de Justi\u00e7a do Estado de Goi\u00e1s (TJ-GO) com o presidente do \u00f3rg\u00e3o, o desembargador Gilberto Marques Filho, entre outras autoridades do estado. A presidente do STF\u00a0havia ordenado uma vistoria na Col\u00f4nia Agroindustrial\u00a0do Regime Semiaberto, onde ocorreram as duas primeiras rebeli\u00f5es.<\/p>\n<\/div>\n<div class=\"mc-column content-text active-extra-styles \" data-block-type=\"unstyled\" data-block-weight=\"56\" data-block-id=\"4\">\n<p class=\"content-text__container \" data-track-category=\"Link no Texto\">O relat\u00f3rio com os resultados da inspe\u00e7\u00e3o\u00a0apontou diversas irregularidades na unidade prisional.\u00a0Al\u00e9m disso, o CNJ j\u00e1 havia avaliado a Col\u00f4nia e a Penitenci\u00e1ria Coronel Odenir Guimar\u00e3es (POG) e conclu\u00eddo que a unidade estava em \u201cp\u00e9ssimas\u201d condi\u00e7\u00f5es. Atualmente,\u00a0o complexo abriga quase tr\u00eas vezes mais presos do que a capacidade\u00a0para a qual foi projetado.<\/p>\n<div class=\"mc-column content-text active-extra-styles \" data-block-type=\"unstyled\" data-block-weight=\"32\" data-block-id=\"6\">\n<p class=\"content-text__container \" data-track-category=\"Link no Texto\">A Ordem dos Advogados do Brasil entrou com uma A\u00e7\u00e3o Civil P\u00fablica pedindo a interdi\u00e7\u00e3o total da Col\u00f4nia Agroindustrial devido \u00e0s \u201cgraves viola\u00e7\u00f5es aos Direitos Humanos tanto dos internos quanto dos servidores\u201d.<\/p>\n<\/div>\n<div class=\"mc-column content-text active-extra-styles \" data-block-type=\"unstyled\" data-block-weight=\"47\" data-block-id=\"7\">\n<p class=\"content-text__container \" data-track-category=\"Link no Texto\">No s\u00e1bado (6), acatando o pedido da OAB, a Justi\u00e7a Federal\u00a0mandou limitar o n\u00famero de presos na Col\u00f4nia Agroindustrial do Complexo Prisional de Aparecida de Goi\u00e2nia\u00a0ap\u00f3s as duas rebeli\u00f5es na unidade. O documento tamb\u00e9m determina que os presos considerados perigosos sejam transferidos para pres\u00eddios federais.<\/p>\n<\/div>\n<div class=\"content-ads content-ads--reveal\" data-block-type=\"ads\" data-block-id=\"8\">\n<div id=\"banner_materia2\" class=\"tag-manager-publicidade-container has-reveal has-ad-lazyload tag-manager-publicidade-banner_materia2 tag-manager-publicidade-container--carregado tag-manager-publicidade-container--visivel\" data-id=\"banner_materia2\" data-cid=\"138221993989\" data-lid=\"4540606524\">\n<div id=\"google_ads_iframe_\/95377733\/tvg_G1\/Sua_Regiao&gt;Centro_Oeste&gt;Goias_2__container__\" style=\"margin: 0px; padding: 0px; outline: none; text-decoration: none; border: none; list-style: none; text-align: justify;\">Em nota, o Governo de Goi\u00e1s informou que &#8220;tomar\u00e1 todas as medidas necess\u00e1rias para o adimplemento do dispositivo da decis\u00e3o liminar&#8221;. Disse ainda que &#8220;iniciar\u00e1, imediatamente, todas as medidas no sentido de providenciar a transfer\u00eancia dos presos de maior periculosidade que est\u00e3o cumprindo pena no regime semiaberto na Col\u00f4nia Agroindustrial de Aparecida de Goi\u00e2nia, para pres\u00eddios federais&#8221;, e que ir\u00e1 limitar &#8220;a 400 o n\u00famero de detentos naquela unidade penal&#8221;.<\/div>\n<\/div>\n<\/div>\n<div class=\"mc-column content-text active-extra-styles\" data-block-type=\"raw\" data-block-weight=\"3\" data-block-id=\"10\">\n<div class=\"content-intertitle\">\n<p><strong>Semana de conflitos<\/strong><\/p>\n<\/div>\n<\/div>\n<div class=\"mc-column content-text active-extra-styles \" data-block-type=\"unstyled\" data-block-weight=\"49\" data-block-id=\"11\">\n<p class=\"content-text__container \" data-track-category=\"Link no Texto\">A primeira rebeli\u00e3o ocorreu no dia 1\u00ba de janeiro na Col\u00f4nia. Detentos invadiram alas rivais por meio de um buraco feito na parede de uma das celas, que ficaram destru\u00eddas ap\u00f3s a a\u00e7\u00e3o. Nove pessoas morreram, 14 ficaram feridas e mais de 200 fugiram.\u00a0Quatro corpos j\u00e1 foram identificados.<\/p>\n<\/div>\n<div class=\"mc-column content-text active-extra-styles \" data-block-type=\"unstyled\" data-block-weight=\"57\" data-block-id=\"12\">\n<p class=\"content-text__container \" data-track-category=\"Link no Texto\">Na noite do dia 4,\u00a0presos da mesma unidade fizeram nova rebeli\u00e3o.\u00a0A pol\u00edcia interveio e controlou a situa\u00e7\u00e3o. N\u00e3o houve mortos ou feridos, mas um reeducando fugiu.\u00a0O terceiro motim ocorreu na madrugada do dia 5,\u00a0na Penitenci\u00e1ria Odenir Guimar\u00e3es (POG), uma unidade de regime fechado do complexo. At\u00e9 \u00faltimo domingo (7), 88 detentos continuavam foragidos.<\/p>\n<\/div>\n<p>Ap\u00f3s cada motim foram feitas novas revistas nas celas e,\u00a0no total, foram encontradas seis armas de fogo.\u00a0Uma delas foi identificada como da diretoria da Pol\u00edcia Civil de Goi\u00e1s. A corpora\u00e7\u00e3o informou que apura como os internos tiveram acesso ao armamento.<\/p>\n<\/div>\n<p><strong>CARIRI EM A\u00c7\u00c3O<\/strong><\/p>\n<p><em>Com G1 \/Foto: Reprodu\u00e7\u00e3o google<\/em><\/p>\n<p><strong>Leia mais not\u00edcias em\u00a0<\/strong><a href=\"http:\/\/www.caririemacao.com\/\"><strong>caririemacao.com<\/strong><\/a><strong>, siga nossa p\u00e1gina no\u00a0<\/strong><a href=\"https:\/\/www.facebook.com\/CaririEmAcao\/?ref=aymt_homepage_panel\"><strong>Facebook<\/strong><\/a>,<strong>\u00a0<\/strong><a href=\"https:\/\/www.instagram.com\/cariri_em_acao\/?hl=pt-br\"><strong>Instagram<\/strong><\/a><strong>\u00a0e <\/strong><a href=\"https:\/\/www.youtube.com\/channel\/UCAptA0jQuYQy8vMhLt2m4qg\"><strong>Youtube<\/strong><\/a><strong>\u00a0e veja nossas mat\u00e9rias, v\u00eddeos e fotos. Voc\u00ea tamb\u00e9m pode enviar informa\u00e7\u00f5es \u00e0 Reda\u00e7\u00e3o do Portal Cariri em A\u00e7\u00e3o pelo WhatsApp (83) 9 9634.5791, (83) 9 9601-1162.<\/strong><\/p>\n","protected":false},"excerpt":{"rendered":"<p>A presidente do Supremo Tribunal Federal (STF) e do Conselho Nacional de Justi\u00e7a (CNJ), a ministra C\u00e1rmen L\u00facia, viaja a Goi\u00e1s, nesta segunda-feira (8), para&hellip; <\/p>\n","protected":false},"author":2,"featured_media":36557,"comment_status":"closed","ping_status":"closed","sticky":false,"template":"","format":"standard","meta":{"sfsi_plus_gutenberg_text_before_share":"","sfsi_plus_gutenberg_show_text_before_share":"","sfsi_plus_gutenberg_icon_type":"","sfsi_plus_gutenberg_icon_alignemt":"","sfsi_plus_gutenburg_max_per_row":"","footnotes":""},"categories":[2],"tags":[],"class_list":["post-36556","post","type-post","status-publish","format-standard","has-post-thumbnail","hentry","category-geral"],"_links":{"self":[{"href":"https:\/\/www.caririemacao.com\/1\/wp-json\/wp\/v2\/posts\/36556","targetHints":{"allow":["GET"]}}],"collection":[{"href":"https:\/\/www.caririemacao.com\/1\/wp-json\/wp\/v2\/posts"}],"about":[{"href":"https:\/\/www.caririemacao.com\/1\/wp-json\/wp\/v2\/types\/post"}],"author":[{"embeddable":true,"href":"https:\/\/www.caririemacao.com\/1\/wp-json\/wp\/v2\/users\/2"}],"replies":[{"embeddable":true,"href":"https:\/\/www.caririemacao.com\/1\/wp-json\/wp\/v2\/comments?post=36556"}],"version-history":[{"count":0,"href":"https:\/\/www.caririemacao.com\/1\/wp-json\/wp\/v2\/posts\/36556\/revisions"}],"wp:featuredmedia":[{"embeddable":true,"href":"https:\/\/www.caririemacao.com\/1\/wp-json\/wp\/v2\/media\/36557"}],"wp:attachment":[{"href":"https:\/\/www.caririemacao.com\/1\/wp-json\/wp\/v2\/media?parent=36556"}],"wp:term":[{"taxonomy":"category","embeddable":true,"href":"https:\/\/www.caririemacao.com\/1\/wp-json\/wp\/v2\/categories?post=36556"},{"taxonomy":"post_tag","embeddable":true,"href":"https:\/\/www.caririemacao.com\/1\/wp-json\/wp\/v2\/tags?post=36556"}],"curies":[{"name":"wp","href":"https:\/\/api.w.org\/{rel}","templated":true}]}}