{"id":36568,"date":"2018-01-08T08:21:43","date_gmt":"2018-01-08T11:21:43","guid":{"rendered":"http:\/\/caririemacao.com\/1\/?p=36568"},"modified":"2018-01-08T08:21:43","modified_gmt":"2018-01-08T11:21:43","slug":"tiroteios-deixam-18-mortos-em-acapulco-e-los-cabos-no-mexico","status":"publish","type":"post","link":"https:\/\/www.caririemacao.com\/1\/2018\/01\/08\/tiroteios-deixam-18-mortos-em-acapulco-e-los-cabos-no-mexico\/","title":{"rendered":"Tiroteios deixam 18 mortos em Acapulco e Los Cabos, no M\u00e9xico"},"content":{"rendered":"<p>Dois dos principais destinos tur\u00edsticos do M\u00e9xico,\u00a0Acapulco\u00a0e Los Cabos tiveram neste fim de semana uma sequ\u00eancia de tiroteios entre as for\u00e7as de seguran\u00e7a e grupos armados que deixaram ao menos 18 mortos.<\/p>\n<p>Na zona rural da primeira cidade, um grupo de milicianos que se op\u00f5em \u00e0 instala\u00e7\u00e3o de uma usina hidrel\u00e9trica na regi\u00e3o atacou na madrugada de domingo (7) habitantes da vila de La Concepci\u00f3n, que faziam uma festa.<\/p>\n<p>Oito pessoas foram mortas pelos paramilitares, disse o porta-voz da Secretaria de Seguran\u00e7a de Guerrero. Horas depois, policiais e soldados do Ex\u00e9rcito foram enviados \u00e0 vila, onde foram recebidos a tiros pelo grupo.<\/p>\n<p>O tiroteio terminou com tr\u00eas milicianos mortos. As autoridades prenderam mais 30 integrantes do grupo armado, incluindo seu l\u00edder, e apreenderam maconha e sete armas de uso exclusivo das For\u00e7as Armadas mexicanas.<\/p>\n<p>Guerrero, onde ficam Acapulco e os balne\u00e1rios de Ixtapa e Zihuatanejo,\u00a0\u00e9 fortemente afetado pela viol\u00eancia\u00a0das mil\u00edcias e dos cart\u00e9is do tr\u00e1fico de drogas. O Estado \u00e9 um dos principais produtores de maconha e de papoula, usada para produzir a hero\u00edna.<\/p>\n<p>Nas \u00faltimas semanas, por\u00e9m,\u00a0o n\u00famero de homic\u00eddios cresceu. No final de dezembro um turista americano foi morto por uma quadrilha, assim como dois aspirantes a se candidatarem \u00e0s prefeituras de dois munic\u00edpios do interior.<\/p>\n<p><b>LOS CABOS<\/b><\/p>\n<p>J\u00e1 em San Jos\u00e9 del Cabo, no extremo sul da pen\u00ednsula da Baixa Calif\u00f3rnia, sete pessoas morreram em um confronto entre soldados da Marinha, que faziam uma opera\u00e7\u00e3o contra o crime organizado, e integrantes de cart\u00e9is.<\/p>\n<p>Segundo as autoridades da regi\u00e3o, os marinheiros faziam uma patrulha quando encontraram duas camionetes com sete homens com coletes \u00e0 prova de balas e armas como fuzis AK-47, dando in\u00edcio a uma persegui\u00e7\u00e3o com v\u00e1rios tiroteios.<\/p>\n<p>Os sete mortos s\u00e3o membros da quadrilha. Com eles, as autoridades apreenderam sete fuzis, carregadores, coletes e as duas pick-ups, com placas do Estado americano da Calif\u00f3rnia \u2014uma delas havia sido roubada em Tijuana, na fronteira com os EUA.<\/p>\n<p>No caso da Baixa Calif\u00f3rnia Sul, a viol\u00eancia \u00e9 provocada por uma disputa entre os cart\u00e9is de Sinaloa e Jalisco Nova Gera\u00e7\u00e3o. No m\u00eas passado, pela primeira vez na hist\u00f3ria do Estado, traficantes penduraram seis corpos em tr\u00eas pontes \u2014m\u00e9todo corriqueiro entre os membros dos cart\u00e9is para demonstrar poder ou dar avisos aos rivais e \u00e0 popula\u00e7\u00e3o.<\/p>\n<p>Al\u00e9m destes destinos tur\u00edsticos de ver\u00e3o, a briga entre as quadrilhas tamb\u00e9m levou a tiroteios e ataques armados\u00a0em Canc\u00fan e na Riviera Maya, no sudeste do pa\u00eds \u2014alguns deles atingindo turistas estrangeiros e locais.<\/p>\n<p><strong>CARIRI EM A\u00c7\u00c3O<\/strong><\/p>\n<p><em>Com Folha de S\u00e3o Paulo \/Foto: Francisco Robles\/AFP<\/em><\/p>\n<p><strong>Leia mais not\u00edcias em\u00a0<\/strong><a href=\"http:\/\/www.caririemacao.com\/\"><strong>caririemacao.com<\/strong><\/a><strong>, siga nossa p\u00e1gina no\u00a0<\/strong><a href=\"https:\/\/www.facebook.com\/CaririEmAcao\/?ref=aymt_homepage_panel\"><strong>Facebook<\/strong><\/a>,<strong>\u00a0<\/strong><a href=\"https:\/\/www.instagram.com\/cariri_em_acao\/?hl=pt-br\"><strong>Instagram<\/strong><\/a><strong>\u00a0e <\/strong><a href=\"https:\/\/www.youtube.com\/channel\/UCAptA0jQuYQy8vMhLt2m4qg\"><strong>Youtube<\/strong><\/a><strong>\u00a0e veja nossas mat\u00e9rias, v\u00eddeos e fotos. Voc\u00ea tamb\u00e9m pode enviar informa\u00e7\u00f5es \u00e0 Reda\u00e7\u00e3o do Portal Cariri em A\u00e7\u00e3o pelo WhatsApp (83) 9 9634.5791, (83) 9 9601-1162.<\/strong><\/p>\n","protected":false},"excerpt":{"rendered":"<p>Dois dos principais destinos tur\u00edsticos do M\u00e9xico,\u00a0Acapulco\u00a0e Los Cabos tiveram neste fim de semana uma sequ\u00eancia de tiroteios entre as for\u00e7as de seguran\u00e7a e grupos&hellip; <\/p>\n","protected":false},"author":2,"featured_media":36569,"comment_status":"closed","ping_status":"closed","sticky":false,"template":"","format":"standard","meta":{"sfsi_plus_gutenberg_text_before_share":"","sfsi_plus_gutenberg_show_text_before_share":"","sfsi_plus_gutenberg_icon_type":"","sfsi_plus_gutenberg_icon_alignemt":"","sfsi_plus_gutenburg_max_per_row":"","footnotes":""},"categories":[2],"tags":[],"class_list":["post-36568","post","type-post","status-publish","format-standard","has-post-thumbnail","hentry","category-geral"],"_links":{"self":[{"href":"https:\/\/www.caririemacao.com\/1\/wp-json\/wp\/v2\/posts\/36568","targetHints":{"allow":["GET"]}}],"collection":[{"href":"https:\/\/www.caririemacao.com\/1\/wp-json\/wp\/v2\/posts"}],"about":[{"href":"https:\/\/www.caririemacao.com\/1\/wp-json\/wp\/v2\/types\/post"}],"author":[{"embeddable":true,"href":"https:\/\/www.caririemacao.com\/1\/wp-json\/wp\/v2\/users\/2"}],"replies":[{"embeddable":true,"href":"https:\/\/www.caririemacao.com\/1\/wp-json\/wp\/v2\/comments?post=36568"}],"version-history":[{"count":0,"href":"https:\/\/www.caririemacao.com\/1\/wp-json\/wp\/v2\/posts\/36568\/revisions"}],"wp:featuredmedia":[{"embeddable":true,"href":"https:\/\/www.caririemacao.com\/1\/wp-json\/wp\/v2\/media\/36569"}],"wp:attachment":[{"href":"https:\/\/www.caririemacao.com\/1\/wp-json\/wp\/v2\/media?parent=36568"}],"wp:term":[{"taxonomy":"category","embeddable":true,"href":"https:\/\/www.caririemacao.com\/1\/wp-json\/wp\/v2\/categories?post=36568"},{"taxonomy":"post_tag","embeddable":true,"href":"https:\/\/www.caririemacao.com\/1\/wp-json\/wp\/v2\/tags?post=36568"}],"curies":[{"name":"wp","href":"https:\/\/api.w.org\/{rel}","templated":true}]}}