{"id":36580,"date":"2018-01-08T08:46:58","date_gmt":"2018-01-08T11:46:58","guid":{"rendered":"http:\/\/caririemacao.com\/1\/?p=36580"},"modified":"2018-01-08T08:46:58","modified_gmt":"2018-01-08T11:46:58","slug":"rodrigo-maia-diz-que-meirelles-deveria-apresentar-agenda-pos-previdencia","status":"publish","type":"post","link":"https:\/\/www.caririemacao.com\/1\/2018\/01\/08\/rodrigo-maia-diz-que-meirelles-deveria-apresentar-agenda-pos-previdencia\/","title":{"rendered":"Rodrigo Maia diz que Meirelles deveria apresentar agenda p\u00f3s-Previd\u00eancia"},"content":{"rendered":"<div>O presidente da C\u00e2mara, Rodrigo Maia (DEM-RJ), acredita que o ministro da Fazenda e poss\u00edvel candidato \u00e0 Presid\u00eancia da Rep\u00fablica, Henrique Meirelles (PSD), deveria apresentar \u00e0 sociedade uma agenda que avance al\u00e9m da reforma da Previd\u00eancia. &#8220;Na minha opini\u00e3o, a agenda do ministro Meirelles, e n\u00e3o estou aqui querendo criticar&#8230; Ela comete (um erro), do meu ponto de vista, e j\u00e1 disse (isso) a alguns assessores dele. Ela vai s\u00f3 na primeira parte do processo. A sociedade quer saber como voc\u00ea faz a segunda&#8221;, disse o deputado, em entrevista ao programa Canal Livre, da TV Bandeirantes, exibida no in\u00edcio da madrugada desta segunda-feira, 8. &#8220;Todos n\u00f3s que temos essa agenda (da reforma) como priorit\u00e1ria, temos que falar da segunda parte da agenda. Sen\u00e3o fica muito \u00e1rida. Fica s\u00f3 a parte que, em tese, vai tirar alguma coisa de algu\u00e9m. Que n\u00e3o \u00e9 verdade, mas \u00e9 o que se vende a\u00ed, pelos campos da esquerda.&#8221;<\/div>\n<div><\/div>\n<div>Ao responder uma quest\u00e3o sobre a converg\u00eancia de pensamento de pr\u00e9-candidatos que se colocam como alternativas de centro nas elei\u00e7\u00f5es deste ano &#8211; caso de Meirelles e do governador de S\u00e3o Paulo, Geraldo Alckmin (PSDB) -, Maia demonstrou distanciamento do ministro da Fazenda. &#8220;Discordo frontalmente de que a minha agenda necessariamente \u00e9 100% igual ao que pensa o Meirelles&#8221;, afirmou, para ent\u00e3o dizer que o poss\u00edvel candidato do PSD \u00e0 Presid\u00eancia deveria apresentar \u00e0 sociedade um discurso que justifique a reforma da Previd\u00eancia e que mostre o impacto que ela ter\u00e1 na vida das pessoas. &#8220;Por que vai fazer a reforma da Previd\u00eancia? Ela existe porque na hora que tem uma rebeli\u00e3o em Goi\u00e1s (como ocorreu no in\u00edcio deste ano), os governadores fazem uma carta e todos os pedidos deles t\u00eam rela\u00e7\u00e3o com dinheiro. Porque est\u00e1 faltando recurso para a seguran\u00e7a. A gente quer a reforma da Previd\u00eancia para reduzir o gasto aqui para sobrar recurso e cuidar da seguran\u00e7a&#8221;, afirmou o parlamentar.<\/div>\n<div><\/div>\n<div>A respeito da vota\u00e7\u00e3o da reforma na C\u00e2mara, marcada para a semana do dia 19 de fevereiro, Maia manteve o discurso otimista. &#8220;Dia 19 vamos ter voto&#8221;, afirmou. &#8220;O deputado \u00e9 pragm\u00e1tico. \u00c9 um tema pol\u00eamico, mas fundamental.&#8221; O parlamentar afirmou que o governo, &#8220;em um primeiro momento&#8221;, falhou na comunica\u00e7\u00e3o das mudan\u00e7as na Previd\u00eancia. Agora, no entanto, ele acredita que o &#8220;que est\u00e1 colocado para a popula\u00e7\u00e3o \u00e9 facilmente explic\u00e1vel para a sociedade&#8221;. Maia contou um epis\u00f3dio recente em que teria sa\u00eddo aplaudido ap\u00f3s fazer um discurso em defesa da reforma em um &#8220;bairro simples&#8221; (sem identificar a cidade).<\/div>\n<div><\/div>\n<div>O presidente da C\u00e2mara voltou a lamentar que a reforma n\u00e3o tenha sido aprovada no ano passado, por causa das den\u00fancias da Procuradoria-Geral da Rep\u00fablica contra o presidente Michel Temer. &#8220;Em mar\u00e7o ia votar. A gente estaria hoje com previs\u00e3o de crescimento de 4% a 4,5% da economia. Ia ter que estar controlando o consumo de energia por causa disso.&#8221;<\/div>\n<div><\/div>\n<div>Presidenci\u00e1vel. Maia participou do programa Canal Livre no \u00e2mbito de uma s\u00e9rie de entrevistas dedicada aos poss\u00edveis candidatos \u00e0 Presid\u00eancia. Apesar disso, disse que, no momento, a chance de ser o escolhido do DEM \u00e9 &#8220;zero&#8221;, embora reconhe\u00e7a que seu nome esteja &#8220;colocado no debate&#8221;. &#8220;O DEM vai ter um candidato nessa bancada aqui (durante as elei\u00e7\u00f5es), o candidato do DEM, n\u00e3o estou dizendo que sou eu.&#8221; Ele citou como outros poss\u00edveis nomes do partido o ministro da Educa\u00e7\u00e3o, Mendon\u00e7a Filho (PE), e o prefeito de Salvador, ACM Neto. A \u00faltima vez que o DEM encabe\u00e7ou uma chapa presidencial foi em 1989, com Aureliano Chaves (o partido ainda se chamava PFL).<\/div>\n<div><\/div>\n<div>Maia disse que, acima da discuss\u00e3o sobre candidaturas ou sobre a eventual uni\u00e3o de partidos de centro-direita, \u00e9 preciso que seja definido um projeto &#8220;que saia do populismo, da demagogia&#8221;. &#8220;Quero fazer parte de um projeto que seja muito transparente com a sociedade, que fale pra sociedade de forma clara: &#8216;tem aqui um volume de despesas que \u00e9 incompat\u00edvel com a realidade do Brasil&#8217;.&#8221; N\u00e3o \u00e9 poss\u00edvel, no entanto, &#8220;misturar o governo com a constru\u00e7\u00e3o de um projeto&#8221;, disse Maia. &#8220;O governo \u00e9 benefici\u00e1rio desse candidato (que defenderia a agenda reformista e de corte de gastos). A agenda que o governo colocou na pauta \u00e9 uma agenda que \u00e9 convergente com a desse candidato. Agora se voc\u00ea come\u00e7ar a estar preocupado com candidato que \u00e9 pra defender governo, n\u00e3o vai sair do lugar. Voc\u00ea vai perder a oportunidade de atrair outros polos da sociedade em um primeiro momento.&#8221;<\/div>\n<div><\/div>\n<div>O presidente da C\u00e2mara acredita ser poss\u00edvel participar da elei\u00e7\u00e3o com o discurso da austeridade. &#8220;Se for pra ganhar mentindo, \u00e9 melhor perder falando a verdade.&#8221; Em tom de brincadeira, Maia afirmou que o centro est\u00e1 congestionado (por causa do grande n\u00famero de pr\u00e9-candidatos), mas ao mesmo tempo vazio (pois n\u00e3o h\u00e1 um pr\u00e9-candidato dessa linha que apare\u00e7a bem nas pesquisas). &#8220;Tem que ver como se constr\u00f3i um cento com votos.&#8221; Maia declarou &#8220;apostar tudo&#8221; na ideia de que a aprova\u00e7\u00e3o da reforma da Previd\u00eancia ir\u00e1 gerar efeitos econ\u00f4micos positivos ainda em per\u00edodo eleitoral, o que tem o potencial de beneficiar eleitoralmente seus defensores. &#8220;Se (a reforma) n\u00e3o for aprovada o cen\u00e1rio econ\u00f4mico ser\u00e1 pior para a elei\u00e7\u00e3o e ruim para quem est\u00e1 na base do governo, mas o debate da reforma do estado est\u00e1 colocado&#8221;, disse.<\/div>\n<div><\/div>\n<div>Lula. Sobre o l\u00edder das pesquisas, o ex-presidente Luiz In\u00e1cio Lula da Silva, Maia disse preferir que ele seja vencido nas urnas. &#8220;Queria disputar com o Lula. Ele sair\u00e1 derrotado da elei\u00e7\u00e3o. Vamos acabar com o mito.&#8221; Segundo o presidente da C\u00e2mara, a campanha servir\u00e1 para mostrar que o petista \u00e9 o &#8220;culpado&#8221; pela crise. &#8220;Lula est\u00e1 bem nas pesquisas porque o governo do presidente Michel est\u00e1 injustamente muito mal avaliado&#8221;, disse. &#8220;O candidato que for para o debate, colocar o dedo na ferida, tem espa\u00e7o para que ele (Lula) n\u00e3o tenha os 30% (de inten\u00e7\u00e3o de voto) que tem hoje.&#8221; Maia disse n\u00e3o crer em &#8220;convuls\u00e3o social&#8221; caso a condena\u00e7\u00e3o de Lula seja confirmada pelo Tribunal Regional Federal da 4\u00aa Regi\u00e3o, em Porto Alegre, no dia 24.<\/div>\n<div><\/div>\n<div>Regra de ouro. O presidente da C\u00e2mara afirmou que a flexibiliza\u00e7\u00e3o da chamada &#8220;regra de ouro&#8221;, que impede o governo de emitir d\u00edvida em volume superior a investimentos, \u00e9 necess\u00e1ria para 2019. Segundo ele, com o atual crescimento das despesas, &#8220;a regra de ouro fica imposs\u00edvel de ser atingida&#8221; no pr\u00f3ximo ano. Maia disse que a discuss\u00e3o sobre a medida \u00e9 a &#8220;prova&#8221; da necessidade de aprovar a reforma da Previd\u00eancia.<\/div>\n<div><\/div>\n<div>O parlamentar aproveitou a discuss\u00e3o sobre o tema para alfinetar o presidente do Banco Nacional de Desenvolvimento Econ\u00f4mico e Social (BNDES), Paulo Rabello de Castro. O deputado lembrou que o cumprimento da regra para este ano pode ser assegurado com a devolu\u00e7\u00e3o de R$ 180 bilh\u00f5es pelo banco ao Tesouro Nacional. Rabello, no entanto, j\u00e1 mostrou resist\u00eancia em devolver os recursos. &#8220;Ele deve ter sido nomeado pelo presidente (dos Estados Unidos, Donald) Trump e a\u00ed n\u00e3o quer devolver&#8221;, comentou Maia.<\/div>\n<div>\n<p><strong>CARIRI EM A\u00c7\u00c3O<\/strong><\/p>\n<p><em>Com G1 \/Foto: Reprodu\u00e7\u00e3o Internet<\/em><\/p>\n<p><strong>Leia mais not\u00edcias em\u00a0<\/strong><a href=\"http:\/\/www.caririemacao.com\/\"><strong>caririemacao.com<\/strong><\/a><strong>, siga nossa p\u00e1gina no\u00a0<\/strong><a href=\"https:\/\/www.facebook.com\/CaririEmAcao\/?ref=aymt_homepage_panel\"><strong>Facebook<\/strong><\/a>,<strong>\u00a0<\/strong><a href=\"https:\/\/www.instagram.com\/cariri_em_acao\/?hl=pt-br\"><strong>Instagram<\/strong><\/a><strong>\u00a0e <\/strong><a href=\"https:\/\/www.youtube.com\/channel\/UCAptA0jQuYQy8vMhLt2m4qg\"><strong>Youtube<\/strong><\/a><strong>\u00a0e veja nossas mat\u00e9rias, v\u00eddeos e fotos. Voc\u00ea tamb\u00e9m pode enviar informa\u00e7\u00f5es \u00e0 Reda\u00e7\u00e3o do Portal Cariri em A\u00e7\u00e3o pelo WhatsApp (83) 9 9634.5791, (83) 9 9601-1162.<\/strong><\/p>\n<\/div>\n","protected":false},"excerpt":{"rendered":"<p>O presidente da C\u00e2mara, Rodrigo Maia (DEM-RJ), acredita que o ministro da Fazenda e poss\u00edvel candidato \u00e0 Presid\u00eancia da Rep\u00fablica, Henrique Meirelles (PSD), deveria apresentar&hellip; <\/p>\n","protected":false},"author":2,"featured_media":36581,"comment_status":"closed","ping_status":"closed","sticky":false,"template":"","format":"standard","meta":{"sfsi_plus_gutenberg_text_before_share":"","sfsi_plus_gutenberg_show_text_before_share":"","sfsi_plus_gutenberg_icon_type":"","sfsi_plus_gutenberg_icon_alignemt":"","sfsi_plus_gutenburg_max_per_row":"","footnotes":""},"categories":[11],"tags":[],"class_list":["post-36580","post","type-post","status-publish","format-standard","has-post-thumbnail","hentry","category-politica"],"_links":{"self":[{"href":"https:\/\/www.caririemacao.com\/1\/wp-json\/wp\/v2\/posts\/36580","targetHints":{"allow":["GET"]}}],"collection":[{"href":"https:\/\/www.caririemacao.com\/1\/wp-json\/wp\/v2\/posts"}],"about":[{"href":"https:\/\/www.caririemacao.com\/1\/wp-json\/wp\/v2\/types\/post"}],"author":[{"embeddable":true,"href":"https:\/\/www.caririemacao.com\/1\/wp-json\/wp\/v2\/users\/2"}],"replies":[{"embeddable":true,"href":"https:\/\/www.caririemacao.com\/1\/wp-json\/wp\/v2\/comments?post=36580"}],"version-history":[{"count":0,"href":"https:\/\/www.caririemacao.com\/1\/wp-json\/wp\/v2\/posts\/36580\/revisions"}],"wp:featuredmedia":[{"embeddable":true,"href":"https:\/\/www.caririemacao.com\/1\/wp-json\/wp\/v2\/media\/36581"}],"wp:attachment":[{"href":"https:\/\/www.caririemacao.com\/1\/wp-json\/wp\/v2\/media?parent=36580"}],"wp:term":[{"taxonomy":"category","embeddable":true,"href":"https:\/\/www.caririemacao.com\/1\/wp-json\/wp\/v2\/categories?post=36580"},{"taxonomy":"post_tag","embeddable":true,"href":"https:\/\/www.caririemacao.com\/1\/wp-json\/wp\/v2\/tags?post=36580"}],"curies":[{"name":"wp","href":"https:\/\/api.w.org\/{rel}","templated":true}]}}