{"id":36583,"date":"2018-01-08T08:50:29","date_gmt":"2018-01-08T11:50:29","guid":{"rendered":"http:\/\/caririemacao.com\/1\/?p=36583"},"modified":"2018-01-08T08:50:29","modified_gmt":"2018-01-08T11:50:29","slug":"datafolha-maior-parte-dos-brasileiros-e-contra-o-porte-legal-de-armas-estendido","status":"publish","type":"post","link":"https:\/\/www.caririemacao.com\/1\/2018\/01\/08\/datafolha-maior-parte-dos-brasileiros-e-contra-o-porte-legal-de-armas-estendido\/","title":{"rendered":"Datafolha: Maior parte dos brasileiros \u00e9 contra o porte legal de armas estendido"},"content":{"rendered":"<p>Mais de 50% dos brasileiros ainda s\u00e3o contra ao porte legal de armas estendido a todos os cidad\u00e3os. O dado\u00a0\u00e9 de pesquisa Datafolha publicada na noite deste domingo (7) pelo site do jornal \u201cFolha de S. Paulo\u201d.<\/p>\n<p>Ap\u00f3s consecutivas quedas no \u00edndice, ele se manteve est\u00e1vel em rela\u00e7\u00e3o ao \u00faltimo ano. Em 2013, 68% dos entrevistados se diziam contr\u00e1rios ao\u00a0<strong>porte legal de armas<\/strong>\u00a0estendido a todos os cidad\u00e3os. No ano seguinte, 62% se posicionaram contra a medida, \u00edndice que baixou ainda mais, para 55%, no meio do ano passado. Atualmente, 56% das pessoas s\u00e3o contr\u00e1rias \u00e0 ideia.<\/p>\n<p><strong>Menor apoio<\/strong><\/p>\n<p>Os moradores das capitais brasileiras s\u00e3o os que menos gostam da ideia de pessoas comuns com permiss\u00e3o para posse de armas. O \u00edndice de apoio \u00e0 proibi\u00e7\u00e3o de porte chegou a 62%, n\u00famero que se repete nas cidades com mais de 500 mil habitantes.<\/p>\n<p>Em rela\u00e7\u00f5es aos sexos, as mulheres s\u00e3o as que menos concordam com a ideia de mais pessoas tendo porte legal de uma arma \u2013 65% delas s\u00e3o contra. O mesmo posicionamento \u00e9 visto na maior parte da regi\u00e3o Norte, onde 59% dos entrevistaram n\u00e3o concordam com a medida.<\/p>\n<p>O Datafolha entrevistou 2.765 brasileiros em 192 munic\u00edpios. A pesquisa foi realizada nos dias 29 e 30 de novembro de 2017. A margem de erro \u00e9 de dois pontos percentuais para mais ou para menos.<\/p>\n<p><strong>CARIRI EM A\u00c7\u00c3O<\/strong><\/p>\n<p><em>Com G1 \/Foto: Reprodu\u00e7\u00e3o Internet, Divulga\u00e7\u00e3o \u00a0<\/em><\/p>\n<p><strong>Leia mais not\u00edcias em\u00a0<\/strong><a href=\"http:\/\/www.caririemacao.com\/\"><strong>caririemacao.com<\/strong><\/a><strong>, siga nossa p\u00e1gina no\u00a0<\/strong><a href=\"https:\/\/www.facebook.com\/CaririEmAcao\/?ref=aymt_homepage_panel\"><strong>Facebook<\/strong><\/a>,<strong>\u00a0<\/strong><a href=\"https:\/\/www.instagram.com\/cariri_em_acao\/?hl=pt-br\"><strong>Instagram<\/strong><\/a><strong>\u00a0e <\/strong><a href=\"https:\/\/www.youtube.com\/channel\/UCAptA0jQuYQy8vMhLt2m4qg\"><strong>Youtube<\/strong><\/a><strong>\u00a0e veja nossas mat\u00e9rias, v\u00eddeos e fotos. Voc\u00ea tamb\u00e9m pode enviar informa\u00e7\u00f5es \u00e0 Reda\u00e7\u00e3o do Portal Cariri em A\u00e7\u00e3o pelo WhatsApp (83) 9 9634.5791, (83) 9 9601-1162.<\/strong><\/p>\n","protected":false},"excerpt":{"rendered":"<p>Mais de 50% dos brasileiros ainda s\u00e3o contra ao porte legal de armas estendido a todos os cidad\u00e3os. O dado\u00a0\u00e9 de pesquisa Datafolha publicada na&hellip; <\/p>\n","protected":false},"author":2,"featured_media":28668,"comment_status":"closed","ping_status":"closed","sticky":false,"template":"","format":"standard","meta":{"sfsi_plus_gutenberg_text_before_share":"","sfsi_plus_gutenberg_show_text_before_share":"","sfsi_plus_gutenberg_icon_type":"","sfsi_plus_gutenberg_icon_alignemt":"","sfsi_plus_gutenburg_max_per_row":"","footnotes":""},"categories":[2],"tags":[],"class_list":["post-36583","post","type-post","status-publish","format-standard","has-post-thumbnail","hentry","category-geral"],"_links":{"self":[{"href":"https:\/\/www.caririemacao.com\/1\/wp-json\/wp\/v2\/posts\/36583","targetHints":{"allow":["GET"]}}],"collection":[{"href":"https:\/\/www.caririemacao.com\/1\/wp-json\/wp\/v2\/posts"}],"about":[{"href":"https:\/\/www.caririemacao.com\/1\/wp-json\/wp\/v2\/types\/post"}],"author":[{"embeddable":true,"href":"https:\/\/www.caririemacao.com\/1\/wp-json\/wp\/v2\/users\/2"}],"replies":[{"embeddable":true,"href":"https:\/\/www.caririemacao.com\/1\/wp-json\/wp\/v2\/comments?post=36583"}],"version-history":[{"count":0,"href":"https:\/\/www.caririemacao.com\/1\/wp-json\/wp\/v2\/posts\/36583\/revisions"}],"wp:featuredmedia":[{"embeddable":true,"href":"https:\/\/www.caririemacao.com\/1\/wp-json\/wp\/v2\/media\/28668"}],"wp:attachment":[{"href":"https:\/\/www.caririemacao.com\/1\/wp-json\/wp\/v2\/media?parent=36583"}],"wp:term":[{"taxonomy":"category","embeddable":true,"href":"https:\/\/www.caririemacao.com\/1\/wp-json\/wp\/v2\/categories?post=36583"},{"taxonomy":"post_tag","embeddable":true,"href":"https:\/\/www.caririemacao.com\/1\/wp-json\/wp\/v2\/tags?post=36583"}],"curies":[{"name":"wp","href":"https:\/\/api.w.org\/{rel}","templated":true}]}}