{"id":36585,"date":"2018-01-08T08:54:31","date_gmt":"2018-01-08T11:54:31","guid":{"rendered":"http:\/\/caririemacao.com\/1\/?p=36585"},"modified":"2018-01-08T08:56:49","modified_gmt":"2018-01-08T11:56:49","slug":"senadores-querem-mudar-lei-para-barrar-criancas-em-exposicoes-com-nudez","status":"publish","type":"post","link":"https:\/\/www.caririemacao.com\/1\/2018\/01\/08\/senadores-querem-mudar-lei-para-barrar-criancas-em-exposicoes-com-nudez\/","title":{"rendered":"Senadores querem mudar lei para barrar crian\u00e7as em exposi\u00e7\u00f5es com nudez"},"content":{"rendered":"<div id=\"maincontent\" class=\"has-aside-ad\">\n<div id=\"content\" class=\"content\">\n<article class=\"articlecontent loaded\" tabindex=\"0\" data-aop=\"article\">\n<section class=\"articlebody\" data-aop=\"articlebody\">Alvo de cr\u00edticas por se desviar do prop\u00f3sito inicial, a\u00a0CPI (Comiss\u00e3o Parlamentar de Inqu\u00e9rito) dos Maus-Tratos\u00a0no Senado Federal prop\u00f4s um projeto de lei para barrar a entrada de menores de idade em exposi\u00e7\u00f5es de arte com\u00a0nudez.O\u00a0<a href=\"http:\/\/legis.senado.leg.br\/sdleg-getter\/documento?dm=7341556&amp;disposition=inline\" target=\"_blank\" rel=\"noopener\" data-id=\"179\" data-m=\"{&quot;i&quot;:179,&quot;p&quot;:99,&quot;n&quot;:&quot;partnerLink&quot;,&quot;y&quot;:24,&quot;o&quot;:7}\">Projeto de Lei do Senado n\u00b0 506, de 2017<\/a>\u00a0(PLS 506\/2017) altera o ECA (Estatuto da Crian\u00e7a e do Adolescente), a fim de estabelecer a veda\u00e7\u00e3o do ingresso de crian\u00e7as e adolescentes em eventos que &#8220;tenham nudez como foco, bem como apresentem obras retratando, ainda que simulado, sexo expl\u00edcito, sexo com animais, apologia \u00e0 pr\u00e1tica de pedofilia&#8221;, al\u00e9m do desprezo ou &#8220;ataque a cren\u00e7as e credos&#8221;.<\/p>\n<p>O texto, apresentado em 13 de dezembro, \u00e9 assinado pelo senador\u00a0Magno Malta\u00a0(PR-ES), presidente da CPI, e pelo relator da comiss\u00e3o, senador\u00a0Jos\u00e9 Medeiros\u00a0(Podemos-MT). O texto conta ainda com o apoio de outros quatro colegas:\u00a0Flexa Ribeiro\u00a0(PSDB-PA), Eduardo Lopes (PRB-RJ),\u00a0H\u00e9lio Jos\u00e9\u00a0(PROS-DF) e\u00a0C\u00e1ssio Cunha Lima\u00a0(PSDB-PB).<\/p>\n<p>De acordo com a proposta, a CPI se deparou com &#8220;abusos sistem\u00e1ticos na exposi\u00e7\u00e3o de meninos e meninas a obras de arte de car\u00e1ter absoluta, ente inadequado para seu desenvolvimento sadio&#8221;. O projeto afirma ainda que o objetivo \u00e9 evitar que crian\u00e7as e adolescentes sejam expostos a &#8220;cenas nada edificantes, que somente contribuem para obstruir a forma\u00e7\u00e3o de car\u00e1ter de nossos meninos e meninas&#8221;.<\/p>\n<p>Parecer\u00a0da procuradora federal dos Direitos do Cidad\u00e3o,\u00a0Deborah Duprat, sustenta que a mera\u00a0<strong>nudez de um adulto diante de menores\u00a0<\/strong>de idade n\u00e3o constitui crime. O documento afirma tamb\u00e9m que &#8220;\u00e9 vedado ao legislador infraconstitucional estabelecer qualquer esp\u00e9cie de limita\u00e7\u00e3o \u00e0 liberdade de express\u00e3o&#8221;.<\/p>\n<p>Sobre o direito de crian\u00e7as e adolescentes a divers\u00f5es e espet\u00e1culos p\u00fablicos adequados \u00e0 sua faixa et\u00e1ria, Duprat argumenta que o tema dever\u00e1 ser regulado exclusivamente por lei federal, cabendo ao Poder P\u00fablico &#8220;informar sobre a natureza deles, as faixas et\u00e1rias a que n\u00e3o se recomendem, locais e hor\u00e1rios em que sua apresenta\u00e7\u00e3o se mostre inadequada&#8221;, sendo vedada &#8220;toda e qualquer censura de natureza pol\u00edtica, ideol\u00f3gica e art\u00edstica&#8221;.<\/p>\n<p><strong>Arte e nudez<\/strong><\/p>\n<p>Instalada em agosto de 2017, a CPI tinha como objetivo inicial debater propostas para combater crimes na internet, a\u00e7\u00f5es contra o\u00a0bullying\u00a0e contra o jogo\u00a0Baleia Azul, que levou ao suic\u00eddio de menores.<\/p>\n<p>Nas reuni\u00f5es do colegiado, contudo, o debate mudou o foco para duas exposi\u00e7\u00f5es de arte que causaram pol\u00eamica em 2017. Presidente do colegiado e integrante da bancada evang\u00e9lica, Magno Malta foi alvo de cr\u00edtica de colegas por fazer um uso pol\u00edtico da comiss\u00e3o. S\u00f3 com o deslocamento de parlamentares e de depoentes, incluindo curadores das mostras, o\u00a0Senado Federal gastou R$ 39.113,78.<\/p>\n<p>Em 23 e 24 de outubro, Magno Malta e o relator, senador Jos\u00e9 Medeiros viajaram a S\u00e3o Paulo, para audi\u00eancia no Minist\u00e9rio P\u00fablico com sobre a exposi\u00e7\u00e3o &#8220;35\u00ba Panorama da Arte Brasileira &#8211; Brasil por Multiplica\u00e7\u00e3o&#8221;, no Museu de Arte Moderna de S\u00e3o Paulo (MAM), em que um artista se apresentou nu.<\/p>\n<p>J\u00e1 em 23 de novembro, a CPI recebeu Luiz Camillo Osorio, curador da mostra do MAM, e Gaud\u00eancio Cardoso Fid\u00e9lis, curador da Exposi\u00e7\u00e3o\u00a0Queermuseu, com obras sobre diversidade sexual.<\/p>\n<p><strong>CPI dos Maus-Tratos prorrogada<\/strong><\/p>\n<p>A CPI ter\u00e1 at\u00e9 o final de junho para concluir as investiga\u00e7\u00f5es e apresentar eventuais novas propostas. Al\u00e9m do PLS 506\/2017, a comiss\u00e3o apresentou outras duas propostas.<\/p>\n<p>O Projeto de Lei do Senado n\u00b0 507, de 2017 altera a\u00a0CLT\u00a0(Consolida\u00e7\u00e3o das Leis do Trabalho) para exigir que empresas de servi\u00e7os de educa\u00e7\u00e3o infantil ou do Ensino Fundamental passem a exigir comprova\u00e7\u00e3o de antecedentes criminais dos funcion\u00e1rios.<\/p>\n<p>O texto tamb\u00e9m estabelece que esses trabalhadores passar\u00e3o por avalia\u00e7\u00e3o de sa\u00fade f\u00edsica e mental na contrata\u00e7\u00e3o e anualmente e que o funcion\u00e1rio ser\u00e1 obrigado a informar ao empregador sobre o uso de medicamentos psicoativos e sobre eventual diagn\u00f3stico de transtorno mental. A omiss\u00e3o dessas informa\u00e7\u00f5es pode resultar at\u00e9 em demiss\u00e3o por justa causa.<\/p>\n<p>J\u00e1 o Projeto de Lei do Senado n\u00b0 508, de 2017 altera o ECA para estabelecer que os dirigentes de estabelecimentos de Ensino Fundamental comuniquem ao Conselho Tutelar casos de viol\u00eancia autoprovocada envolvendo alunos.<\/p>\n<p><strong>CARIRI EM A\u00c7\u00c3O<\/strong><\/p>\n<p><em>Com Estad\u00e3o \/Foto: Reprodu\u00e7\u00e3o Internet<\/em><\/p>\n<p><strong>Leia mais not\u00edcias em\u00a0<\/strong><a href=\"http:\/\/www.caririemacao.com\/\"><strong>caririemacao.com<\/strong><\/a><strong>, siga nossa p\u00e1gina no\u00a0<\/strong><a href=\"https:\/\/www.facebook.com\/CaririEmAcao\/?ref=aymt_homepage_panel\"><strong>Facebook<\/strong><\/a>,<strong>\u00a0<\/strong><a href=\"https:\/\/www.instagram.com\/cariri_em_acao\/?hl=pt-br\"><strong>Instagram<\/strong><\/a><strong>\u00a0e <\/strong><a href=\"https:\/\/www.youtube.com\/channel\/UCAptA0jQuYQy8vMhLt2m4qg\"><strong>Youtube<\/strong><\/a><strong>\u00a0e veja nossas mat\u00e9rias, v\u00eddeos e fotos. Voc\u00ea tamb\u00e9m pode enviar informa\u00e7\u00f5es \u00e0 Reda\u00e7\u00e3o do Portal Cariri em A\u00e7\u00e3o pelo WhatsApp (83) 9 9634.5791, (83) 9 9601-1162.<\/strong><\/p>\n<\/section>\n<\/article>\n<\/div>\n<\/div>\n","protected":false},"excerpt":{"rendered":"<p>Alvo de cr\u00edticas por se desviar do prop\u00f3sito inicial, a\u00a0CPI (Comiss\u00e3o Parlamentar de Inqu\u00e9rito) dos Maus-Tratos\u00a0no Senado Federal prop\u00f4s um projeto de lei para barrar&hellip; <\/p>\n","protected":false},"author":2,"featured_media":33762,"comment_status":"closed","ping_status":"closed","sticky":false,"template":"","format":"standard","meta":{"sfsi_plus_gutenberg_text_before_share":"","sfsi_plus_gutenberg_show_text_before_share":"","sfsi_plus_gutenberg_icon_type":"","sfsi_plus_gutenberg_icon_alignemt":"","sfsi_plus_gutenburg_max_per_row":"","footnotes":""},"categories":[11],"tags":[],"class_list":["post-36585","post","type-post","status-publish","format-standard","has-post-thumbnail","hentry","category-politica"],"_links":{"self":[{"href":"https:\/\/www.caririemacao.com\/1\/wp-json\/wp\/v2\/posts\/36585","targetHints":{"allow":["GET"]}}],"collection":[{"href":"https:\/\/www.caririemacao.com\/1\/wp-json\/wp\/v2\/posts"}],"about":[{"href":"https:\/\/www.caririemacao.com\/1\/wp-json\/wp\/v2\/types\/post"}],"author":[{"embeddable":true,"href":"https:\/\/www.caririemacao.com\/1\/wp-json\/wp\/v2\/users\/2"}],"replies":[{"embeddable":true,"href":"https:\/\/www.caririemacao.com\/1\/wp-json\/wp\/v2\/comments?post=36585"}],"version-history":[{"count":0,"href":"https:\/\/www.caririemacao.com\/1\/wp-json\/wp\/v2\/posts\/36585\/revisions"}],"wp:featuredmedia":[{"embeddable":true,"href":"https:\/\/www.caririemacao.com\/1\/wp-json\/wp\/v2\/media\/33762"}],"wp:attachment":[{"href":"https:\/\/www.caririemacao.com\/1\/wp-json\/wp\/v2\/media?parent=36585"}],"wp:term":[{"taxonomy":"category","embeddable":true,"href":"https:\/\/www.caririemacao.com\/1\/wp-json\/wp\/v2\/categories?post=36585"},{"taxonomy":"post_tag","embeddable":true,"href":"https:\/\/www.caririemacao.com\/1\/wp-json\/wp\/v2\/tags?post=36585"}],"curies":[{"name":"wp","href":"https:\/\/api.w.org\/{rel}","templated":true}]}}