{"id":36589,"date":"2018-01-08T09:05:10","date_gmt":"2018-01-08T12:05:10","guid":{"rendered":"http:\/\/caririemacao.com\/1\/?p=36589"},"modified":"2018-01-08T09:05:10","modified_gmt":"2018-01-08T12:05:10","slug":"saude-e-educacao-perdem-r-472-milhoes-para-campanhas","status":"publish","type":"post","link":"https:\/\/www.caririemacao.com\/1\/2018\/01\/08\/saude-e-educacao-perdem-r-472-milhoes-para-campanhas\/","title":{"rendered":"Sa\u00fade e educa\u00e7\u00e3o perdem R$ 472 milh\u00f5es para campanhas"},"content":{"rendered":"<p>O fundo eleitoral bilion\u00e1rio criado para bancar as campanhas pol\u00edticas com recursos p\u00fablicos retirou R$ 472,3 milh\u00f5es originalmente destinados pelos parlamentares para educa\u00e7\u00e3o e sa\u00fade neste ano. Deputados federais e senadores, quando aprovaram a destina\u00e7\u00e3o de verbas para as elei\u00e7\u00f5es, haviam prometido poupar as duas \u00e1reas sociais de perdas.<\/p>\n<p>Levantamento feito pelo\u00a0<strong>Estado<\/strong>\u00a0mostra que o fundo receber\u00e1 R$ 121,8 milh\u00f5es remanejados da educa\u00e7\u00e3o e R$ 350,5 milh\u00f5es da sa\u00fade. O valor corresponde \u00e0 transfer\u00eancia de dinheiro das emendas de bancadas \u2013 que seria destinado a esses setores \u2013 para gastos com as campanhas eleitorais deste ano.<\/p>\n<p>O fundo, aprovado em 4 de outubro do ano passado, \u00e9 uma alternativa \u00e0 proibi\u00e7\u00e3o das doa\u00e7\u00f5es empresariais e receber\u00e1, no total, R$ 1,75 bilh\u00e3o. Desse montante, R$ 1,3 bilh\u00e3o sair\u00e1 das emendas de bancada, cujo pagamento \u00e9 obrigat\u00f3rio pelo governo, e R$ 450 milh\u00f5es da isen\u00e7\u00e3o fiscal que seria concedida a r\u00e1dios e TVs para veicular programas partid\u00e1rios.<\/p>\n<p>O dinheiro ser\u00e1 distribu\u00eddo aos partidos de acordo com o tamanho de suas bancadas na C\u00e2mara e no Senado. A cria\u00e7\u00e3o do fundo \u00e9 contestada por a\u00e7\u00e3o que tramita no Supremo Tribunal Federal (STF), sob a relatoria da ministra Rosa Weber. Ela decidiu levar o caso ao plen\u00e1rio da Corte e ainda n\u00e3o h\u00e1 data para o julgamento.<\/p>\n<p>A verba retirada da sa\u00fade para abastecer o caixa das campanhas seria suficiente, por exemplo, para arcar com a constru\u00e7\u00e3o de 159 novas Unidades de Pronto-Atendimento (UPAs), com sete leitos, dois m\u00e9dicos e atendimento m\u00e9dio de 150 pacientes por dia ou financiar 859 Unidades B\u00e1sicas de Sa\u00fade (UBSs).<\/p>\n<p>Os recursos que deixaram de ser aplicados em educa\u00e7\u00e3o equivalem a 34% de todos os pagamentos que o governo realizou no ano passado no Programa Nacional de Reestrutura\u00e7\u00e3o e Aquisi\u00e7\u00e3o de Equipamentos para a Rede Escolar P\u00fablica de Educa\u00e7\u00e3o Infantil (Proinf\u00e2ncia): R$ 355 milh\u00f5es, conforme dados do Fundo Nacional de Desenvolvimento da Educa\u00e7\u00e3o (FNDE). O dinheiro serve para construir e equipar creches.<\/p>\n<p>A Secretaria Estadual da Sa\u00fade do Esp\u00edrito Santo perdeu, por exemplo, R$ 15,7 milh\u00f5es para a compra de ambul\u00e2ncias. Em Goi\u00e1s, o programa Caminho da Escola, que compra \u00f4nibus e bicicletas para transporte escolar em n\u00facleos rurais e perif\u00e9ricos, n\u00e3o ter\u00e1 R$ 18,7 milh\u00f5es.<\/p>\n<p>Os principais articuladores da reforma pol\u00edtica, quando a proposta tramitou no Congresso Nacional, afirmaram que as duas \u00e1reas n\u00e3o seriam prejudicadas. \u201cN\u00e3o aceito que mexa um centavo de sa\u00fade e educa\u00e7\u00e3o\u201d, disse \u00e0 \u00e9poca o presidente do Senado, Eun\u00edcio Oliveira (MDB-CE). Um dos idealizadores do uso das emendas como fonte de recursos, o senador Romero Juc\u00e1 (MDB-RR), l\u00edder do governo Michel Temer, tamb\u00e9m recha\u00e7ou as perdas: \u201cA proposta que eu fiz n\u00e3o tira dinheiro da educa\u00e7\u00e3o, da sa\u00fade, de lugar nenhum\u201d. Procurados, eles n\u00e3o foram encontrados para comentar o assunto.<\/p>\n<p><strong>Outras \u00e1reas.<\/strong>\u00a0Al\u00e9m das verbas de sa\u00fade e educa\u00e7\u00e3o, R$ 828 milh\u00f5es foram retirados de \u00e1reas como seguran\u00e7a p\u00fablica, infraestrutura, obras contra a seca e agricultura.<\/p>\n<p>Com o remanejamento de emendas de outras \u00e1reas, deixar\u00e3o de ser comprados equipamentos operacionais e viaturas para a Pol\u00edcia Militar do Rio (R$ 24,3 milh\u00f5es). Ser\u00e3o retirados tamb\u00e9m R$ 33,6 milh\u00f5es destinados para a constru\u00e7\u00e3o de batalh\u00f5es da PM e do Instituto M\u00e9dico-Legal (IML) no Distrito Federal. No Nordeste, a constru\u00e7\u00e3o do sistema adutor do Rio Pianc\u00f3 pelo Departamento Nacional de Obras Contra a Seca (Dnocs) teve R$ 10 milh\u00f5es retirados. A obra deve levar \u00e1gua da transposi\u00e7\u00e3o do Rio S\u00e3o Francisco para 18 munic\u00edpios paraibanos.<\/p>\n<p>O ensino superior tamb\u00e9m foi afetado. A Universidade Federal do Acre (UFAC) teve R$ 6 milh\u00f5es transferidos e a Universidade Federal do Amap\u00e1 (Unifap) ficou sem a emenda que previa R$ 27 milh\u00f5es para a conclus\u00e3o das obras do Hospital Universit\u00e1rio. A expans\u00e3o dos c\u00e2mpus da Universidade Federal do Esp\u00edrito Santos (UFES) perdeu R$ 33 milh\u00f5es.<\/p>\n<p><strong>Impositivas.<\/strong>\u00a0De acordo com o governo, as emendas s\u00e3o impositivas, ou seja, ap\u00f3s aprovadas, t\u00eam de ser pagas. A defini\u00e7\u00e3o sobre seu destino, no entanto, cabe ao Congresso, e o governo n\u00e3o se pronuncia sobre o assunto. O Or\u00e7amento dos minist\u00e9rios n\u00e3o muda com o fundo. Em reportagem publicada no domingo, o\u00a0<strong>Estado<\/strong>\u00a0mostrou que, desde 2014, o valor liberado de emendas parlamentares foi o maior em 2017.<\/p>\n<p><strong>VERBA BANCA ELEI\u00c7\u00d5ES<\/strong><\/p>\n<p><strong>1. O que \u00e9 o fundo eleitoral?<\/strong><br \/>\nAbastecido com recursos p\u00fablicos, foi criado em 2017 para financiar as elei\u00e7\u00f5es. \u00c9 constitu\u00eddo por pelo menos 30% do total da verba destinada a emendas e o restante pela compensa\u00e7\u00e3o fiscal que emissoras de r\u00e1dio e TV teriam para transmitir o programa partid\u00e1rio. Para este ano, est\u00e1 previsto R$ 1,75 bi.<\/p>\n<p><strong>2. O que s\u00e3o emendas?<\/strong><br \/>\n\u00c9 o instrumento pelo qual o parlamentar indica onde o governo vai gastar parte do Or\u00e7amento. Podem ser individuais ou coletivas. Neste ano, cada bancada apontou R$ 162,4 milh\u00f5es e cada parlamentar, R$ 14,7 milh\u00f5es.<\/p>\n<p><strong>3. Como \u00e9 definida a aplica\u00e7\u00e3o desses recursos?<\/strong><br \/>\nO destino dos recursos das emendas individuais \u00e9 definido pelos parlamentares. Metade dos recursos deve ser enviada para a\u00e7\u00f5es e servi\u00e7os de sa\u00fade. As emendas de bancada s\u00e3o discutidas em reuni\u00f5es conjuntas.<\/p>\n<p><strong>4. Como \u00e9 o pagamento?<\/strong><br \/>\nParte das emendas \u00e9 impositiva, isto \u00e9, de pagamento obrigat\u00f3rio pelo governo. Aprovadas, as emendas passam a fazer parte do Or\u00e7amento dor \u00f3rg\u00e3os p\u00fablicos.<\/p>\n<p><strong>CARIRI EM A\u00c7\u00c3O<\/strong><\/p>\n<p><em>Com Estad\u00e3o \/Foto: Reprodu\u00e7\u00e3o Internet<\/em><\/p>\n<p><strong>Leia mais not\u00edcias em\u00a0<\/strong><a href=\"http:\/\/www.caririemacao.com\/\"><strong>caririemacao.com<\/strong><\/a><strong>, siga nossa p\u00e1gina no\u00a0<\/strong><a href=\"https:\/\/www.facebook.com\/CaririEmAcao\/?ref=aymt_homepage_panel\"><strong>Facebook<\/strong><\/a>,<strong>\u00a0<\/strong><a href=\"https:\/\/www.instagram.com\/cariri_em_acao\/?hl=pt-br\"><strong>Instagram<\/strong><\/a><strong>\u00a0e <\/strong><a href=\"https:\/\/www.youtube.com\/channel\/UCAptA0jQuYQy8vMhLt2m4qg\"><strong>Youtube<\/strong><\/a><strong>\u00a0e veja nossas mat\u00e9rias, v\u00eddeos e fotos. Voc\u00ea tamb\u00e9m pode enviar informa\u00e7\u00f5es \u00e0 Reda\u00e7\u00e3o do Portal Cariri em A\u00e7\u00e3o pelo WhatsApp (83) 9 9634.5791, (83) 9 9601-1162.<\/strong><\/p>\n","protected":false},"excerpt":{"rendered":"<p>O fundo eleitoral bilion\u00e1rio criado para bancar as campanhas pol\u00edticas com recursos p\u00fablicos retirou R$ 472,3 milh\u00f5es originalmente destinados pelos parlamentares para educa\u00e7\u00e3o e sa\u00fade&hellip; <\/p>\n","protected":false},"author":2,"featured_media":36590,"comment_status":"closed","ping_status":"closed","sticky":false,"template":"","format":"standard","meta":{"sfsi_plus_gutenberg_text_before_share":"","sfsi_plus_gutenberg_show_text_before_share":"","sfsi_plus_gutenberg_icon_type":"","sfsi_plus_gutenberg_icon_alignemt":"","sfsi_plus_gutenburg_max_per_row":"","footnotes":""},"categories":[11],"tags":[],"class_list":["post-36589","post","type-post","status-publish","format-standard","has-post-thumbnail","hentry","category-politica"],"_links":{"self":[{"href":"https:\/\/www.caririemacao.com\/1\/wp-json\/wp\/v2\/posts\/36589","targetHints":{"allow":["GET"]}}],"collection":[{"href":"https:\/\/www.caririemacao.com\/1\/wp-json\/wp\/v2\/posts"}],"about":[{"href":"https:\/\/www.caririemacao.com\/1\/wp-json\/wp\/v2\/types\/post"}],"author":[{"embeddable":true,"href":"https:\/\/www.caririemacao.com\/1\/wp-json\/wp\/v2\/users\/2"}],"replies":[{"embeddable":true,"href":"https:\/\/www.caririemacao.com\/1\/wp-json\/wp\/v2\/comments?post=36589"}],"version-history":[{"count":0,"href":"https:\/\/www.caririemacao.com\/1\/wp-json\/wp\/v2\/posts\/36589\/revisions"}],"wp:featuredmedia":[{"embeddable":true,"href":"https:\/\/www.caririemacao.com\/1\/wp-json\/wp\/v2\/media\/36590"}],"wp:attachment":[{"href":"https:\/\/www.caririemacao.com\/1\/wp-json\/wp\/v2\/media?parent=36589"}],"wp:term":[{"taxonomy":"category","embeddable":true,"href":"https:\/\/www.caririemacao.com\/1\/wp-json\/wp\/v2\/categories?post=36589"},{"taxonomy":"post_tag","embeddable":true,"href":"https:\/\/www.caririemacao.com\/1\/wp-json\/wp\/v2\/tags?post=36589"}],"curies":[{"name":"wp","href":"https:\/\/api.w.org\/{rel}","templated":true}]}}