{"id":36598,"date":"2018-01-08T13:42:57","date_gmt":"2018-01-08T16:42:57","guid":{"rendered":"http:\/\/caririemacao.com\/1\/?p=36598"},"modified":"2018-01-08T13:56:35","modified_gmt":"2018-01-08T16:56:35","slug":"shows-musicais-encerram-festa-dos-59-anos-de-prata","status":"publish","type":"post","link":"https:\/\/www.caririemacao.com\/1\/2018\/01\/08\/shows-musicais-encerram-festa-dos-59-anos-de-prata\/","title":{"rendered":"Shows musicais encerram Festa dos 59 anos de Prata"},"content":{"rendered":"<p>A Prefeitura de Prata promoveu neste domingo, dia 07, uma extensa programa\u00e7\u00e3o para comemorar os 59 anos de emancipa\u00e7\u00e3o pol\u00edtica.<\/p>\n<p>O in\u00edcio da programa\u00e7\u00e3o foi marcado pela alvorada e hasteamento das bandeiras, logo nas primeiras horas do dia.<\/p>\n<p>A tarde, houve a grande final Campeonato Rural de futebol, envolvendo as equipes Doce e Sport. A partida foi realizada no Est\u00e1dio Gonzag\u00e3o e contou com quase 2 mil torcedores.<\/p>\n<p>J\u00e1 no in\u00edcio da noite a partir das 18h, houve a apresenta\u00e7\u00e3o da Saveiro Treme-treme. E \u00e0s 21h, para coroar o campeonato, o prefeito J\u00fanior N\u00f3brega, ao lado do deputado Ricardo Barbosa, vereadores, secret\u00e1rios e da popula\u00e7\u00e3o, realizou a premia\u00e7\u00e3o do Campeonato Rural de futebol para as quatro primeiras equipes e atletas revela\u00e7\u00f5es do campeonato.<\/p>\n<p>E para encerrar a programa\u00e7\u00e3o, as pessoas se divertiram com os shows musicais de DJ Nandinho e banda Bonde dos Plays.<\/p>\n<p><a href=\"https:\/\/www.facebook.com\/pg\/CaririEmAcao\/photos\/?tab=album&amp;album_id=1160191020783586\"><strong>CLIQUE E VEJA TODAS AS FOTOS DA FESTA.<\/strong><\/a><\/p>\n<p><a href=\"https:\/\/www.facebook.com\/302749469861083\/photos\/?tab=album&amp;album_id=1160173564118665\">CLIQUE E VEJA AS FOTOS DA FINAL DO CAMPEONATO DE FUTEBOL<\/a><\/p>\n<p><strong>CARIRI EM A\u00c7\u00c3O<\/strong><\/p>\n<p><strong style=\"font-style: inherit;\">Leia mais not\u00edcias em\u00a0<\/strong><a style=\"font-style: inherit; font-weight: inherit;\" href=\"http:\/\/www.caririemacao.com\/\"><strong style=\"font-style: inherit;\">caririemacao.com<\/strong><\/a><strong style=\"font-style: inherit;\">, siga nossa p\u00e1gina no\u00a0<\/strong><a style=\"font-style: inherit; font-weight: inherit;\" href=\"https:\/\/www.facebook.com\/CaririEmAcao\/?ref=aymt_homepage_panel\"><strong style=\"font-style: inherit;\">Facebook<\/strong><\/a><strong style=\"font-style: inherit;\">\u00a0e\u00a0<a style=\"font-style: inherit; font-weight: inherit;\" href=\"https:\/\/www.instagram.com\/cariri_em_acao\/?hl=pt-br\">Instagram<\/a>\u00a0veja nossas mat\u00e9rias e fotos. Voc\u00ea tamb\u00e9m pode enviar informa\u00e7\u00f5es \u00e0 Reda\u00e7\u00e3o do Portal Cariri em A\u00e7\u00e3o pelo WhatsApp (83) 9 9634.5791, (83) 9 9601-1162.<\/strong><\/p>\n","protected":false},"excerpt":{"rendered":"<p>A Prefeitura de Prata promoveu neste domingo, dia 07, uma extensa programa\u00e7\u00e3o para comemorar os 59 anos de emancipa\u00e7\u00e3o pol\u00edtica. O in\u00edcio da programa\u00e7\u00e3o foi&hellip; <\/p>\n","protected":false},"author":2,"featured_media":36617,"comment_status":"closed","ping_status":"closed","sticky":false,"template":"","format":"standard","meta":{"sfsi_plus_gutenberg_text_before_share":"","sfsi_plus_gutenberg_show_text_before_share":"","sfsi_plus_gutenberg_icon_type":"","sfsi_plus_gutenberg_icon_alignemt":"","sfsi_plus_gutenburg_max_per_row":"","footnotes":""},"categories":[6],"tags":[],"class_list":["post-36598","post","type-post","status-publish","format-standard","has-post-thumbnail","hentry","category-cidades"],"_links":{"self":[{"href":"https:\/\/www.caririemacao.com\/1\/wp-json\/wp\/v2\/posts\/36598","targetHints":{"allow":["GET"]}}],"collection":[{"href":"https:\/\/www.caririemacao.com\/1\/wp-json\/wp\/v2\/posts"}],"about":[{"href":"https:\/\/www.caririemacao.com\/1\/wp-json\/wp\/v2\/types\/post"}],"author":[{"embeddable":true,"href":"https:\/\/www.caririemacao.com\/1\/wp-json\/wp\/v2\/users\/2"}],"replies":[{"embeddable":true,"href":"https:\/\/www.caririemacao.com\/1\/wp-json\/wp\/v2\/comments?post=36598"}],"version-history":[{"count":0,"href":"https:\/\/www.caririemacao.com\/1\/wp-json\/wp\/v2\/posts\/36598\/revisions"}],"wp:featuredmedia":[{"embeddable":true,"href":"https:\/\/www.caririemacao.com\/1\/wp-json\/wp\/v2\/media\/36617"}],"wp:attachment":[{"href":"https:\/\/www.caririemacao.com\/1\/wp-json\/wp\/v2\/media?parent=36598"}],"wp:term":[{"taxonomy":"category","embeddable":true,"href":"https:\/\/www.caririemacao.com\/1\/wp-json\/wp\/v2\/categories?post=36598"},{"taxonomy":"post_tag","embeddable":true,"href":"https:\/\/www.caririemacao.com\/1\/wp-json\/wp\/v2\/tags?post=36598"}],"curies":[{"name":"wp","href":"https:\/\/api.w.org\/{rel}","templated":true}]}}