{"id":36600,"date":"2018-01-08T13:40:05","date_gmt":"2018-01-08T16:40:05","guid":{"rendered":"http:\/\/caririemacao.com\/1\/?p=36600"},"modified":"2018-01-08T13:40:05","modified_gmt":"2018-01-08T16:40:05","slug":"ricardo-barbosa-prestigia-festa-dos-59-anos-de-prata-e-recebe-apoio-politico","status":"publish","type":"post","link":"https:\/\/www.caririemacao.com\/1\/2018\/01\/08\/ricardo-barbosa-prestigia-festa-dos-59-anos-de-prata-e-recebe-apoio-politico\/","title":{"rendered":"Ricardo Barbosa prestigia festa dos 59 anos de Prata e recebe apoio pol\u00edtico"},"content":{"rendered":"<p>O deputado estadual, Ricardo Barbosa (PSB), esteve na noite deste domingo (7), acompanhado do prefeito J\u00fanior e diversas autoridades pratenses participando da festa alusiva aos 59 anos de emancipa\u00e7\u00e3o pol\u00edtica do munic\u00edpio de Prata.<\/p>\n<p><a href=\"http:\/\/caririemacao.com\/1\/wp-content\/uploads\/2018\/01\/DSC_0144.jpg\"><img fetchpriority=\"high\" decoding=\"async\" class=\"aligncenter wp-image-36614 size-full\" src=\"http:\/\/caririemacao.com\/1\/wp-content\/uploads\/2018\/01\/DSC_0144.jpg\" alt=\"\" width=\"900\" height=\"600\" srcset=\"https:\/\/www.caririemacao.com\/1\/wp-content\/uploads\/2018\/01\/DSC_0144.jpg 900w, https:\/\/www.caririemacao.com\/1\/wp-content\/uploads\/2018\/01\/DSC_0144-300x200.jpg 300w, https:\/\/www.caririemacao.com\/1\/wp-content\/uploads\/2018\/01\/DSC_0144-768x512.jpg 768w\" sizes=\"(max-width: 900px) 100vw, 900px\" \/><\/a><\/p>\n<p>Ao fazer uso da palavra, o deputado Ricardo Barbosa aproveitou para destacar a parceria consolidada com a administra\u00e7\u00e3o municipal. \u201cMelhor do que participar dessa grande festa \u00e9 anunciar que nosso trabalho por este munic\u00edpio vai continuar com a\u00e7\u00f5es para o povo como recursos para a sa\u00fade, educa\u00e7\u00e3o e v\u00e1rias outras \u00e1reas. Vamos continuar buscando mais conquistas junto ao Governo do Estado, na certeza que o governador Ricardo Coutinho, tamb\u00e9m junto com sua equipe, continuar\u00e1 atendendo os pleitos encaminhados pelo prefeito J\u00fanior N\u00f3brega\u201d, disse ele.<\/p>\n<p>O deputado agradeceu os votos recebidos nas elei\u00e7\u00f5es de 2014 e colocou mais uma vez o seu mandato a disposi\u00e7\u00e3o da popula\u00e7\u00e3o de Prata. \u201cSempre que venho aqui me sinto muito bem em usar do mandato de deputado para contribuir para o desenvolvimento desta cidade. Reitero o compromisso com a administra\u00e7\u00e3o municipal e nosso grupo pol\u00edtico na certeza de que conseguiremos ainda mais viabilizar obras que possam melhorar a vida da nossa gente\u201d, destacou.<\/p>\n<p><a href=\"http:\/\/caririemacao.com\/1\/wp-content\/uploads\/2018\/01\/DSC_0152.jpg\"><img decoding=\"async\" class=\"aligncenter wp-image-36612 size-full lazyload\" data-src=\"http:\/\/caririemacao.com\/1\/wp-content\/uploads\/2018\/01\/DSC_0152.jpg\" alt=\"\" width=\"900\" height=\"600\" data-srcset=\"https:\/\/www.caririemacao.com\/1\/wp-content\/uploads\/2018\/01\/DSC_0152.jpg 900w, https:\/\/www.caririemacao.com\/1\/wp-content\/uploads\/2018\/01\/DSC_0152-300x200.jpg 300w, https:\/\/www.caririemacao.com\/1\/wp-content\/uploads\/2018\/01\/DSC_0152-768x512.jpg 768w\" data-sizes=\"(max-width: 900px) 100vw, 900px\" src=\"data:image\/svg+xml;base64,PHN2ZyB3aWR0aD0iMSIgaGVpZ2h0PSIxIiB4bWxucz0iaHR0cDovL3d3dy53My5vcmcvMjAwMC9zdmciPjwvc3ZnPg==\" style=\"--smush-placeholder-width: 900px; --smush-placeholder-aspect-ratio: 900\/600;\" \/><\/a><\/p>\n<p>Na oportunidade, o prefeito J\u00fanior e v\u00e1rias lideran\u00e7as pol\u00edticas, a exemplo dos vereadores Sideni, Ver\u00f4nica, Bosco e Estev\u00e3o, ratificaram o apoio a pr\u00e9-candidatura a deputado Ricardo Barbosa nas elei\u00e7\u00f5es deste ano.<\/p>\n<p><a href=\"http:\/\/caririemacao.com\/1\/wp-content\/uploads\/2018\/01\/DSC_0141.jpg\"><img decoding=\"async\" class=\"aligncenter wp-image-36615 size-full lazyload\" data-src=\"http:\/\/caririemacao.com\/1\/wp-content\/uploads\/2018\/01\/DSC_0141.jpg\" alt=\"\" width=\"900\" height=\"600\" data-srcset=\"https:\/\/www.caririemacao.com\/1\/wp-content\/uploads\/2018\/01\/DSC_0141.jpg 900w, https:\/\/www.caririemacao.com\/1\/wp-content\/uploads\/2018\/01\/DSC_0141-300x200.jpg 300w, https:\/\/www.caririemacao.com\/1\/wp-content\/uploads\/2018\/01\/DSC_0141-768x512.jpg 768w\" data-sizes=\"(max-width: 900px) 100vw, 900px\" src=\"data:image\/svg+xml;base64,PHN2ZyB3aWR0aD0iMSIgaGVpZ2h0PSIxIiB4bWxucz0iaHR0cDovL3d3dy53My5vcmcvMjAwMC9zdmciPjwvc3ZnPg==\" style=\"--smush-placeholder-width: 900px; --smush-placeholder-aspect-ratio: 900\/600;\" \/><\/a><\/p>\n<p>\u201cEm time que est\u00e1 dando certo n\u00e3o se mexa, portanto reafirmamos nosso compromisso de continuar apoiando quem trabalha e ajuda a nossa cidade, por isso, ratificamos nosso apoio ao deputado Ricardo, ao deputado Wellington Roberto e ao pr\u00e9-candidato a governador Jo\u00e3o Azevedo\u201d, enfatizou.<\/p>\n<p>A programa\u00e7\u00e3o da festa foi organizada pela Prefeitura Municipal e contou com uma extensa programa\u00e7\u00e3o.<\/p>\n<p><strong>CARIRI EM A\u00c7\u00c3O<\/strong><\/p>\n<p>Leia mais not\u00edcias em\u00a0<a href=\"http:\/\/www.caririemacao.com\/\">caririemacao.com<\/a>, siga nossa p\u00e1gina no\u00a0<a href=\"https:\/\/www.facebook.com\/CaririEmAcao\/?ref=aymt_homepage_panel\">Facebook<\/a>\u00a0e\u00a0<a href=\"https:\/\/www.instagram.com\/cariri_em_acao\/?hl=pt-br\">Instagram<\/a>\u00a0veja nossas mat\u00e9rias e fotos. Voc\u00ea tamb\u00e9m pode enviar informa\u00e7\u00f5es \u00e0 Reda\u00e7\u00e3o do Portal Cariri em A\u00e7\u00e3o pelo WhatsApp (83) 9 9634.5791, (83) 9 9601-1162.<\/p>\n","protected":false},"excerpt":{"rendered":"<p>O deputado estadual, Ricardo Barbosa (PSB), esteve na noite deste domingo (7), acompanhado do prefeito J\u00fanior e diversas autoridades pratenses participando da festa alusiva aos&hellip; <\/p>\n","protected":false},"author":2,"featured_media":36613,"comment_status":"closed","ping_status":"closed","sticky":false,"template":"","format":"standard","meta":{"sfsi_plus_gutenberg_text_before_share":"","sfsi_plus_gutenberg_show_text_before_share":"","sfsi_plus_gutenberg_icon_type":"","sfsi_plus_gutenberg_icon_alignemt":"","sfsi_plus_gutenburg_max_per_row":"","footnotes":""},"categories":[11],"tags":[],"class_list":["post-36600","post","type-post","status-publish","format-standard","has-post-thumbnail","hentry","category-politica"],"_links":{"self":[{"href":"https:\/\/www.caririemacao.com\/1\/wp-json\/wp\/v2\/posts\/36600","targetHints":{"allow":["GET"]}}],"collection":[{"href":"https:\/\/www.caririemacao.com\/1\/wp-json\/wp\/v2\/posts"}],"about":[{"href":"https:\/\/www.caririemacao.com\/1\/wp-json\/wp\/v2\/types\/post"}],"author":[{"embeddable":true,"href":"https:\/\/www.caririemacao.com\/1\/wp-json\/wp\/v2\/users\/2"}],"replies":[{"embeddable":true,"href":"https:\/\/www.caririemacao.com\/1\/wp-json\/wp\/v2\/comments?post=36600"}],"version-history":[{"count":0,"href":"https:\/\/www.caririemacao.com\/1\/wp-json\/wp\/v2\/posts\/36600\/revisions"}],"wp:featuredmedia":[{"embeddable":true,"href":"https:\/\/www.caririemacao.com\/1\/wp-json\/wp\/v2\/media\/36613"}],"wp:attachment":[{"href":"https:\/\/www.caririemacao.com\/1\/wp-json\/wp\/v2\/media?parent=36600"}],"wp:term":[{"taxonomy":"category","embeddable":true,"href":"https:\/\/www.caririemacao.com\/1\/wp-json\/wp\/v2\/categories?post=36600"},{"taxonomy":"post_tag","embeddable":true,"href":"https:\/\/www.caririemacao.com\/1\/wp-json\/wp\/v2\/tags?post=36600"}],"curies":[{"name":"wp","href":"https:\/\/api.w.org\/{rel}","templated":true}]}}