{"id":36602,"date":"2018-01-08T13:34:31","date_gmt":"2018-01-08T16:34:31","guid":{"rendered":"http:\/\/caririemacao.com\/1\/?p=36602"},"modified":"2018-01-08T13:34:31","modified_gmt":"2018-01-08T16:34:31","slug":"prefeito-de-prata-anuncia-construcao-de-barragem-em-torno-de-25-milhoes","status":"publish","type":"post","link":"https:\/\/www.caririemacao.com\/1\/2018\/01\/08\/prefeito-de-prata-anuncia-construcao-de-barragem-em-torno-de-25-milhoes\/","title":{"rendered":"Prefeito de Prata anuncia constru\u00e7\u00e3o de barragem em torno de 2,5 milh\u00f5es"},"content":{"rendered":"<p>O prefeito de Prata, J\u00fanior N\u00f3brega, durante as comemora\u00e7\u00f5es dos 59 anos de emancipa\u00e7\u00e3o pol\u00edtica do munic\u00edpio de Prata anunciou mais uma grande obra que ser\u00e1 executada no munic\u00edpio. O an\u00fancio foi feito durante a noite deste domingo, dia 7.<\/p>\n<p>Segundo o prefeito J\u00fanior, a barragem \u00e9 resultado de um conv\u00eanio articulado pelo deputado Wellington Roberto. O conv\u00eanio est\u00e1 or\u00e7ado em 2,5 milh\u00f5es de reais e vai beneficiar a comunidade do Gabriel, zona rural de Prata.<\/p>\n<p>J\u00fanior disse que a prefeitura, por v\u00e1rias tentativas, perfurou po\u00e7os na comunidade do Gabriel, mas sem \u00eaxito, e por isso, a comunidade do Gabriel ter\u00e1 a oportunidade de ter uma barragem de grande porte para minimizar a falta d\u00b4\u00e1gua. \u201cFico feliz em poder ajudar mais uma comunidade e principalmente porque a comunidade do Gabriel passa por esta situa\u00e7\u00e3o. Vamos agora organizar a porte burocr\u00e1tica e iniciar a obra\u201d, destacou.<\/p>\n<p><strong>CARIRI EM A\u00c7\u00c3O<\/strong><\/p>\n<p>Leia mais not\u00edcias em\u00a0<a href=\"http:\/\/www.caririemacao.com\/\">caririemacao.com<\/a>, siga nossa p\u00e1gina no\u00a0<a href=\"https:\/\/www.facebook.com\/CaririEmAcao\/?ref=aymt_homepage_panel\">Facebook<\/a>\u00a0e\u00a0<a href=\"https:\/\/www.instagram.com\/cariri_em_acao\/?hl=pt-br\">Instagram<\/a>\u00a0veja nossas mat\u00e9rias e fotos. Voc\u00ea tamb\u00e9m pode enviar informa\u00e7\u00f5es \u00e0 Reda\u00e7\u00e3o do Portal Cariri em A\u00e7\u00e3o pelo WhatsApp (83) 9 9634.5791, (83) 9 9601-1162.<\/p>\n","protected":false},"excerpt":{"rendered":"<p>O prefeito de Prata, J\u00fanior N\u00f3brega, durante as comemora\u00e7\u00f5es dos 59 anos de emancipa\u00e7\u00e3o pol\u00edtica do munic\u00edpio de Prata anunciou mais uma grande obra que&hellip; <\/p>\n","protected":false},"author":2,"featured_media":36611,"comment_status":"closed","ping_status":"closed","sticky":false,"template":"","format":"standard","meta":{"sfsi_plus_gutenberg_text_before_share":"","sfsi_plus_gutenberg_show_text_before_share":"","sfsi_plus_gutenberg_icon_type":"","sfsi_plus_gutenberg_icon_alignemt":"","sfsi_plus_gutenburg_max_per_row":"","footnotes":""},"categories":[6],"tags":[],"class_list":["post-36602","post","type-post","status-publish","format-standard","has-post-thumbnail","hentry","category-cidades"],"_links":{"self":[{"href":"https:\/\/www.caririemacao.com\/1\/wp-json\/wp\/v2\/posts\/36602","targetHints":{"allow":["GET"]}}],"collection":[{"href":"https:\/\/www.caririemacao.com\/1\/wp-json\/wp\/v2\/posts"}],"about":[{"href":"https:\/\/www.caririemacao.com\/1\/wp-json\/wp\/v2\/types\/post"}],"author":[{"embeddable":true,"href":"https:\/\/www.caririemacao.com\/1\/wp-json\/wp\/v2\/users\/2"}],"replies":[{"embeddable":true,"href":"https:\/\/www.caririemacao.com\/1\/wp-json\/wp\/v2\/comments?post=36602"}],"version-history":[{"count":0,"href":"https:\/\/www.caririemacao.com\/1\/wp-json\/wp\/v2\/posts\/36602\/revisions"}],"wp:featuredmedia":[{"embeddable":true,"href":"https:\/\/www.caririemacao.com\/1\/wp-json\/wp\/v2\/media\/36611"}],"wp:attachment":[{"href":"https:\/\/www.caririemacao.com\/1\/wp-json\/wp\/v2\/media?parent=36602"}],"wp:term":[{"taxonomy":"category","embeddable":true,"href":"https:\/\/www.caririemacao.com\/1\/wp-json\/wp\/v2\/categories?post=36602"},{"taxonomy":"post_tag","embeddable":true,"href":"https:\/\/www.caririemacao.com\/1\/wp-json\/wp\/v2\/tags?post=36602"}],"curies":[{"name":"wp","href":"https:\/\/api.w.org\/{rel}","templated":true}]}}