{"id":36621,"date":"2018-01-08T20:11:08","date_gmt":"2018-01-08T23:11:08","guid":{"rendered":"http:\/\/caririemacao.com\/1\/?p=36621"},"modified":"2018-01-08T20:11:08","modified_gmt":"2018-01-08T23:11:08","slug":"mais-de-120-prefeitos-da-paraiba-irao-a-encontro-para-definir-como-cobrar-ajuda-de-temer","status":"publish","type":"post","link":"https:\/\/www.caririemacao.com\/1\/2018\/01\/08\/mais-de-120-prefeitos-da-paraiba-irao-a-encontro-para-definir-como-cobrar-ajuda-de-temer\/","title":{"rendered":"Mais de 120 prefeitos da Para\u00edba ir\u00e3o a encontro para definir como cobrar ajuda de Temer"},"content":{"rendered":"<p>Com as expectativas frustradas pelo governo do presidente Michel Temer, os prefeitos paraibanos v\u00e3o se articular para cobrar do governo federal a libera\u00e7\u00e3o da ajuda financeira aos munic\u00edpios. Os gestores v\u00e3o se reunir nesta quinta-feira (11), \u00e0s 14h, no audit\u00f3rio do hotel Nord Luxxor Tamba\u00fa, para deliberar sobre o posicionamento em rela\u00e7\u00e3o ao n\u00e3o pagamento da ajuda financeira, que estava previsto para o final de 2017. Mais de 120 prefeitos j\u00e1 confirmaram presen\u00e7a.<\/p>\n<p>O presidente Michel Temer assinou em dezembro de 2017 a Medida Provis\u00f3ria para libera\u00e7\u00e3o de R$ 2 milh\u00f5es da Uni\u00e3o, para os munic\u00edpios que redebem Fundo de Participa\u00e7\u00e3o dos Munic\u00edpios (FPM), mas os recursos que devem ir preferencialmente para as \u00e1reas de sa\u00fade e educa\u00e7\u00e3o ainda n\u00e3o foram liberados.<\/p>\n<p>Na reuni\u00e3o, a discuss\u00e3o da pauta municipalista 2018 tamb\u00e9m estar\u00e1 entre os temas que ser\u00e3o discutidos pelos prefeitos.<\/p>\n<p>\u201cOs fundamentais s\u00e3o deliberar sobre a ajuda financeira e o segundo ponto \u00e9 a pauta municipalista, como a gente vai se portar diante da nossa bancada federal, que tipo de cobran\u00e7a n\u00f3s vamos fazer no ano de 2018, o que foi conquistado em 2017 e o que falta ser conquistado em 2018. A partir dessa reuni\u00e3o, n\u00f3s vamos marcar um encontro com nossa bancada federal para poder passar o que ficou acertado entre os prefeitos\u201d, disse Pedro Dantas, diretor executivo da Federa\u00e7\u00e3o das Associa\u00e7\u00f5es dos Munic\u00edpios da Para\u00edba (Famup).<\/p>\n<p>Est\u00e3o sendo convidados tanto os munic\u00edpios associados \u00e0 Famup quanto os que n\u00e3o s\u00e3o associados. De acordo com Pedro Dantas, entre os munic\u00edpios confirmados est\u00e3o Jo\u00e3o Pessoa e Campina Grande.<\/p>\n<p>Ap\u00f3s a delibera\u00e7\u00e3o, os prefeitos pretendem marcar para se reunirem com a bancada federal paraibana e n\u00e3o descartam exigir do governo federal uma data para pagamento da ajuda financeira.<\/p>\n<p>Em Campina Grande, o prefeito Romero Rodrigues atribuiu o atraso no pagamento do d\u00e9cimo terceiro sal\u00e1rio a parte dos servidores.<\/p>\n<p><strong>CARIRI EM A\u00c7\u00c3O<\/strong><\/p>\n<p>Com ClikPB\/Foto: Reprodu\u00e7\u00e3o<\/p>\n<p><strong>Leia mais not\u00edcias em\u00a0<\/strong><a style=\"font-style: inherit; font-weight: inherit;\" href=\"http:\/\/www.caririemacao.com\/\"><strong style=\"font-style: inherit;\">caririemacao.com<\/strong><\/a><strong style=\"font-style: inherit;\">, siga nossa p\u00e1gina no\u00a0<\/strong><a style=\"font-style: inherit; font-weight: inherit;\" href=\"https:\/\/www.facebook.com\/CaririEmAcao\/?ref=aymt_homepage_panel\"><strong style=\"font-style: inherit;\">Facebook<\/strong><\/a>,<strong style=\"font-style: inherit;\">\u00a0<\/strong><a style=\"font-style: inherit; font-weight: inherit;\" href=\"https:\/\/www.instagram.com\/cariri_em_acao\/?hl=pt-br\"><strong style=\"font-style: inherit;\">Instagram<\/strong><\/a><strong style=\"font-style: inherit;\">\u00a0e\u00a0<\/strong><a style=\"font-style: inherit; font-weight: inherit;\" href=\"https:\/\/www.youtube.com\/channel\/UCAptA0jQuYQy8vMhLt2m4qg\"><strong style=\"font-style: inherit;\">Youtube<\/strong><\/a><strong style=\"font-style: inherit;\">\u00a0e veja nossas mat\u00e9rias, v\u00eddeos e fotos. Voc\u00ea tamb\u00e9m pode enviar informa\u00e7\u00f5es \u00e0 Reda\u00e7\u00e3o do Portal Cariri em A\u00e7\u00e3o pelo WhatsApp (83) 9 9634.5791, (83) 9 9601-1162.<\/strong><\/p>\n","protected":false},"excerpt":{"rendered":"<p>Com as expectativas frustradas pelo governo do presidente Michel Temer, os prefeitos paraibanos v\u00e3o se articular para cobrar do governo federal a libera\u00e7\u00e3o da ajuda&hellip; <\/p>\n","protected":false},"author":2,"featured_media":36622,"comment_status":"closed","ping_status":"closed","sticky":false,"template":"","format":"standard","meta":{"sfsi_plus_gutenberg_text_before_share":"","sfsi_plus_gutenberg_show_text_before_share":"","sfsi_plus_gutenberg_icon_type":"","sfsi_plus_gutenberg_icon_alignemt":"","sfsi_plus_gutenburg_max_per_row":"","footnotes":""},"categories":[2],"tags":[],"class_list":["post-36621","post","type-post","status-publish","format-standard","has-post-thumbnail","hentry","category-geral"],"_links":{"self":[{"href":"https:\/\/www.caririemacao.com\/1\/wp-json\/wp\/v2\/posts\/36621","targetHints":{"allow":["GET"]}}],"collection":[{"href":"https:\/\/www.caririemacao.com\/1\/wp-json\/wp\/v2\/posts"}],"about":[{"href":"https:\/\/www.caririemacao.com\/1\/wp-json\/wp\/v2\/types\/post"}],"author":[{"embeddable":true,"href":"https:\/\/www.caririemacao.com\/1\/wp-json\/wp\/v2\/users\/2"}],"replies":[{"embeddable":true,"href":"https:\/\/www.caririemacao.com\/1\/wp-json\/wp\/v2\/comments?post=36621"}],"version-history":[{"count":0,"href":"https:\/\/www.caririemacao.com\/1\/wp-json\/wp\/v2\/posts\/36621\/revisions"}],"wp:featuredmedia":[{"embeddable":true,"href":"https:\/\/www.caririemacao.com\/1\/wp-json\/wp\/v2\/media\/36622"}],"wp:attachment":[{"href":"https:\/\/www.caririemacao.com\/1\/wp-json\/wp\/v2\/media?parent=36621"}],"wp:term":[{"taxonomy":"category","embeddable":true,"href":"https:\/\/www.caririemacao.com\/1\/wp-json\/wp\/v2\/categories?post=36621"},{"taxonomy":"post_tag","embeddable":true,"href":"https:\/\/www.caririemacao.com\/1\/wp-json\/wp\/v2\/tags?post=36621"}],"curies":[{"name":"wp","href":"https:\/\/api.w.org\/{rel}","templated":true}]}}