{"id":36629,"date":"2018-01-08T20:33:45","date_gmt":"2018-01-08T23:33:45","guid":{"rendered":"http:\/\/caririemacao.com\/1\/?p=36629"},"modified":"2018-01-08T21:42:18","modified_gmt":"2018-01-09T00:42:18","slug":"wellington-confirma-saida-de-bruno-sem-rompimento-e-nega-ser-vice-de-maranhao","status":"publish","type":"post","link":"https:\/\/www.caririemacao.com\/1\/2018\/01\/08\/wellington-confirma-saida-de-bruno-sem-rompimento-e-nega-ser-vice-de-maranhao\/","title":{"rendered":"Wellington confirma sa\u00edda de Bruno sem rompimento e nega ser vice de Maranh\u00e3o"},"content":{"rendered":"<p>O PR \u00e9 um partido que tem posi\u00e7\u00e3o e est\u00e1 se preparando para o ano de muita disputa onde pretendemos ampliar nossas bases, da\u00ed a presen\u00e7a de Bruno neste novo cen\u00e1rio levando-o a entregar o cargo de Secret\u00e1rio &#8211; declarou o deputado federal Wellington Roberto, nesta segunda-feira.<\/p>\n<p>Ele afirmou que a sa\u00edda de Bruno n\u00e3o implica em rompimento com o Governo Ricardo nem que vai assumir a Vice de Maranh\u00e3o numa disputa de Governo.<\/p>\n<p>&#8211; N\u00e3o h\u00e1 nada de rompimento mesmo porque nunca reivindicamos cargos no Governo, e Bruno j\u00e1 havia entregue o cargo outras vezes.<\/p>\n<p>Wellington Roberto negou que v\u00e1 ser vice de Jos\u00e9 Maranh\u00e3o: &#8220;Isso n\u00e3o existe, apenas temos conversado&#8221;.<\/p>\n<p><strong>CARIRI EM A\u00c7\u00c3O<\/strong><\/p>\n<p>Com Wscom\/Foto: Reprodu\u00e7\u00e3o google<\/p>\n<p><strong>Leia mais not\u00edcias em\u00a0<\/strong><a style=\"font-style: inherit; font-weight: inherit;\" href=\"http:\/\/www.caririemacao.com\/\"><strong style=\"font-style: inherit;\">caririemacao.com<\/strong><\/a><strong style=\"font-style: inherit;\">, siga nossa p\u00e1gina no\u00a0<\/strong><a style=\"font-style: inherit; font-weight: inherit;\" href=\"https:\/\/www.facebook.com\/CaririEmAcao\/?ref=aymt_homepage_panel\"><strong style=\"font-style: inherit;\">Facebook<\/strong><\/a>,<strong style=\"font-style: inherit;\">\u00a0<\/strong><a style=\"font-style: inherit; font-weight: inherit;\" href=\"https:\/\/www.instagram.com\/cariri_em_acao\/?hl=pt-br\"><strong style=\"font-style: inherit;\">Instagram<\/strong><\/a><strong style=\"font-style: inherit;\">\u00a0e\u00a0<\/strong><a style=\"font-style: inherit; font-weight: inherit;\" href=\"https:\/\/www.youtube.com\/channel\/UCAptA0jQuYQy8vMhLt2m4qg\"><strong style=\"font-style: inherit;\">Youtube<\/strong><\/a><strong style=\"font-style: inherit;\">\u00a0e veja nossas mat\u00e9rias, v\u00eddeos e fotos. Voc\u00ea tamb\u00e9m pode enviar informa\u00e7\u00f5es \u00e0 Reda\u00e7\u00e3o do Portal Cariri em A\u00e7\u00e3o pelo WhatsApp (83) 9 9634.5791, (83) 9 9601-1162.<\/strong><\/p>\n","protected":false},"excerpt":{"rendered":"<p>O PR \u00e9 um partido que tem posi\u00e7\u00e3o e est\u00e1 se preparando para o ano de muita disputa onde pretendemos ampliar nossas bases, da\u00ed a&hellip; <\/p>\n","protected":false},"author":2,"featured_media":36630,"comment_status":"closed","ping_status":"closed","sticky":false,"template":"","format":"standard","meta":{"sfsi_plus_gutenberg_text_before_share":"","sfsi_plus_gutenberg_show_text_before_share":"","sfsi_plus_gutenberg_icon_type":"","sfsi_plus_gutenberg_icon_alignemt":"","sfsi_plus_gutenburg_max_per_row":"","footnotes":""},"categories":[11],"tags":[],"class_list":["post-36629","post","type-post","status-publish","format-standard","has-post-thumbnail","hentry","category-politica"],"_links":{"self":[{"href":"https:\/\/www.caririemacao.com\/1\/wp-json\/wp\/v2\/posts\/36629","targetHints":{"allow":["GET"]}}],"collection":[{"href":"https:\/\/www.caririemacao.com\/1\/wp-json\/wp\/v2\/posts"}],"about":[{"href":"https:\/\/www.caririemacao.com\/1\/wp-json\/wp\/v2\/types\/post"}],"author":[{"embeddable":true,"href":"https:\/\/www.caririemacao.com\/1\/wp-json\/wp\/v2\/users\/2"}],"replies":[{"embeddable":true,"href":"https:\/\/www.caririemacao.com\/1\/wp-json\/wp\/v2\/comments?post=36629"}],"version-history":[{"count":0,"href":"https:\/\/www.caririemacao.com\/1\/wp-json\/wp\/v2\/posts\/36629\/revisions"}],"wp:featuredmedia":[{"embeddable":true,"href":"https:\/\/www.caririemacao.com\/1\/wp-json\/wp\/v2\/media\/36630"}],"wp:attachment":[{"href":"https:\/\/www.caririemacao.com\/1\/wp-json\/wp\/v2\/media?parent=36629"}],"wp:term":[{"taxonomy":"category","embeddable":true,"href":"https:\/\/www.caririemacao.com\/1\/wp-json\/wp\/v2\/categories?post=36629"},{"taxonomy":"post_tag","embeddable":true,"href":"https:\/\/www.caririemacao.com\/1\/wp-json\/wp\/v2\/tags?post=36629"}],"curies":[{"name":"wp","href":"https:\/\/api.w.org\/{rel}","templated":true}]}}