{"id":36632,"date":"2018-01-08T20:40:58","date_gmt":"2018-01-08T23:40:58","guid":{"rendered":"http:\/\/caririemacao.com\/1\/?p=36632"},"modified":"2018-01-08T20:40:58","modified_gmt":"2018-01-08T23:40:58","slug":"vene-cobra-respeito-de-maranhao-e-dispara","status":"publish","type":"post","link":"https:\/\/www.caririemacao.com\/1\/2018\/01\/08\/vene-cobra-respeito-de-maranhao-e-dispara\/","title":{"rendered":"Ven\u00e9 cobra respeito de Maranh\u00e3o e dispara"},"content":{"rendered":"<p>O deputado federal Veneziano Vital (MDB) declarou nesta segunda-feira (8), \u00e0 Correio Fm, que n\u00e3o se sentiu magoado pela visita e s\u00e9rie de elogios do senador Jos\u00e9 Maranh\u00e3o (MDB) ao prefeito de Campina Grande, Romero Rodrigues (PSDB), seu principal advers\u00e1rio.<\/p>\n<p>Para o deputado, Maranh\u00e3o tem o direito de visitar quem bem entender, mas tem que &#8216;lembrar e respeitar&#8217; os companheiros de partido.<\/p>\n<p>\u201cN\u00e3o h\u00e1 problema que um senador da Rep\u00fablica esteja com um prefeito de qualquer agremia\u00e7\u00e3o, isso n\u00e3o me diminui, mas o que falta dos que conduzem O MDB \u00e9 pelo menos sensibilidade de ir falar com um cidad\u00e3o de Coxixola, de Monte Horebe, de Campina Grande. Maranh\u00e3o e Lira podem visitar o prefeito de Campina mil vezes, mas s\u00f3 falta a lembran\u00e7a o respeito aos companheiros daquela cidade\u201d, disse.<\/p>\n<p>Veneziano ainda declarou que o senador Maranh\u00e3o, ao avalizar a gest\u00e3o tucana na Rainha da Borborema, concorda com suposto nepotismo e demais irregularidades que ele diz existirem na cidade.<\/p>\n<p>\u201cMaranh\u00e3o disse que a administra\u00e7\u00e3o de Campina Grande \u00e9 uma das maiores do Estado, ent\u00e3o ele concorda com nepotismo, com empreguismo, com a n\u00e3o pr\u00e1tica do concurso publico. Romero tem 8 mil prestadores. Maranh\u00e3o mudou de conceito. Romero dizia que Maranh\u00e3o era um horror como administrador\u201d, lembrou.<\/p>\n<p><strong>CARIRI EM A\u00c7\u00c3O<\/strong><\/p>\n<p>Com Wscom\/Foto: Reprodu\u00e7\u00e3o google<\/p>\n<p><strong>Leia mais not\u00edcias em\u00a0<\/strong><a style=\"font-style: inherit; font-weight: inherit;\" href=\"http:\/\/www.caririemacao.com\/\"><strong style=\"font-style: inherit;\">caririemacao.com<\/strong><\/a><strong style=\"font-style: inherit;\">, siga nossa p\u00e1gina no\u00a0<\/strong><a style=\"font-style: inherit; font-weight: inherit;\" href=\"https:\/\/www.facebook.com\/CaririEmAcao\/?ref=aymt_homepage_panel\"><strong style=\"font-style: inherit;\">Facebook<\/strong><\/a>,<strong style=\"font-style: inherit;\">\u00a0<\/strong><a style=\"font-style: inherit; font-weight: inherit;\" href=\"https:\/\/www.instagram.com\/cariri_em_acao\/?hl=pt-br\"><strong style=\"font-style: inherit;\">Instagram<\/strong><\/a><strong style=\"font-style: inherit;\">\u00a0e\u00a0<\/strong><a style=\"font-style: inherit; font-weight: inherit;\" href=\"https:\/\/www.youtube.com\/channel\/UCAptA0jQuYQy8vMhLt2m4qg\"><strong style=\"font-style: inherit;\">Youtube<\/strong><\/a><strong style=\"font-style: inherit;\">\u00a0e veja nossas mat\u00e9rias, v\u00eddeos e fotos. Voc\u00ea tamb\u00e9m pode enviar informa\u00e7\u00f5es \u00e0 Reda\u00e7\u00e3o do Portal Cariri em A\u00e7\u00e3o pelo WhatsApp (83) 9 9634.5791, (83) 9 9601-1162.<\/strong><\/p>\n","protected":false},"excerpt":{"rendered":"<p>O deputado federal Veneziano Vital (MDB) declarou nesta segunda-feira (8), \u00e0 Correio Fm, que n\u00e3o se sentiu magoado pela visita e s\u00e9rie de elogios do&hellip; <\/p>\n","protected":false},"author":2,"featured_media":36633,"comment_status":"closed","ping_status":"closed","sticky":false,"template":"","format":"standard","meta":{"sfsi_plus_gutenberg_text_before_share":"","sfsi_plus_gutenberg_show_text_before_share":"","sfsi_plus_gutenberg_icon_type":"","sfsi_plus_gutenberg_icon_alignemt":"","sfsi_plus_gutenburg_max_per_row":"","footnotes":""},"categories":[11],"tags":[],"class_list":["post-36632","post","type-post","status-publish","format-standard","has-post-thumbnail","hentry","category-politica"],"_links":{"self":[{"href":"https:\/\/www.caririemacao.com\/1\/wp-json\/wp\/v2\/posts\/36632","targetHints":{"allow":["GET"]}}],"collection":[{"href":"https:\/\/www.caririemacao.com\/1\/wp-json\/wp\/v2\/posts"}],"about":[{"href":"https:\/\/www.caririemacao.com\/1\/wp-json\/wp\/v2\/types\/post"}],"author":[{"embeddable":true,"href":"https:\/\/www.caririemacao.com\/1\/wp-json\/wp\/v2\/users\/2"}],"replies":[{"embeddable":true,"href":"https:\/\/www.caririemacao.com\/1\/wp-json\/wp\/v2\/comments?post=36632"}],"version-history":[{"count":0,"href":"https:\/\/www.caririemacao.com\/1\/wp-json\/wp\/v2\/posts\/36632\/revisions"}],"wp:featuredmedia":[{"embeddable":true,"href":"https:\/\/www.caririemacao.com\/1\/wp-json\/wp\/v2\/media\/36633"}],"wp:attachment":[{"href":"https:\/\/www.caririemacao.com\/1\/wp-json\/wp\/v2\/media?parent=36632"}],"wp:term":[{"taxonomy":"category","embeddable":true,"href":"https:\/\/www.caririemacao.com\/1\/wp-json\/wp\/v2\/categories?post=36632"},{"taxonomy":"post_tag","embeddable":true,"href":"https:\/\/www.caririemacao.com\/1\/wp-json\/wp\/v2\/tags?post=36632"}],"curies":[{"name":"wp","href":"https:\/\/api.w.org\/{rel}","templated":true}]}}