{"id":36635,"date":"2018-01-08T20:48:57","date_gmt":"2018-01-08T23:48:57","guid":{"rendered":"http:\/\/caririemacao.com\/1\/?p=36635"},"modified":"2018-01-09T08:31:12","modified_gmt":"2018-01-09T11:31:12","slug":"temer-desiste-de-mudar-regra-do-gasto-publico","status":"publish","type":"post","link":"https:\/\/www.caririemacao.com\/1\/2018\/01\/08\/temer-desiste-de-mudar-regra-do-gasto-publico\/","title":{"rendered":"Temer desiste de mudar regra do gasto p\u00fablico"},"content":{"rendered":"<p>O governo desistiu de modificar a regra que limita o endividamento p\u00fablico. De acordo com os ministros da Fazenda, Henrique Meirelles, e do Planejamento, Dyogo Oliveira, somente ap\u00f3s a conclus\u00e3o da vota\u00e7\u00e3o da reforma da Previd\u00eancia, o Executivo retomar\u00e1 as discuss\u00f5es em torno do tema, mas est\u00e1 descartada a possibilidade de suspens\u00e3o ou flexibiliza\u00e7\u00e3o das exig\u00eancias.<\/p>\n<p>O presidente Michel Temer n\u00e3o atendeu a recomenda\u00e7\u00e3o do MPF (Minist\u00e9rio P\u00fablico Federal) de afastamento de todos os vice-presidentes da Caixa, incluindo os sob suspeita de irregularidades.<\/p>\n<p>A presidente do STF (Supremo Tribunal Federal) e do CNJ (Conselho Nacional de Justi\u00e7a), ministra C\u00e1rmen L\u00facia, desistiu de visitar nesta segunda-feira (8) o complexo prisional de Aparecida de Goi\u00e2nia (GO), onde nove presos foram mortos durante rebeli\u00e3o no 1\u00ba dia deste ano. A\u00a0assessoria da ministra do STF informou que o cancelamento se deu por &#8220;quest\u00f5es de seguran\u00e7a&#8221;.<\/p>\n<p>O Banco Central aplicou em 2017 o menor valor de multas deste s\u00e9culo ao punir n\u00famero recorde de pessoas f\u00edsicas por recursos no exterior, ao mesmo tempo que represou decis\u00f5es contra bancos enquanto aguardava a vers\u00e3o final das\u00a0novas regras para fiscaliza\u00e7\u00e3o do sistema financeiro e do mercado de capitais.<\/p>\n<p>Dois meses depois de ter contado para sua m\u00e3e que estava gr\u00e1vida, Maria, de 14 anos, deu \u00e0 luz um menino. O filho nasceu prematuro \u2014 ela n\u00e3o sabe ao certo o tempo de gesta\u00e7\u00e3o. O medo da rea\u00e7\u00e3o da fam\u00edlia e o constrangimento com a gravidez fizeram com que ela s\u00f3 tivesse feito duas consultas de pr\u00e9-natal e n\u00e3o soubesse que desenvolveu hipertens\u00e3o e uma infec\u00e7\u00e3o urin\u00e1ria que levaram ao nascimento prematuro do beb\u00ea.<\/p>\n<p><strong>CARIRI EM A\u00c7\u00c3O<\/strong><\/p>\n<p>Com Uol\/Foto: Reprodu\u00e7\u00e3o google<\/p>\n<p><strong>Leia mais not\u00edcias em\u00a0<\/strong><a style=\"font-style: inherit; font-weight: inherit;\" href=\"http:\/\/www.caririemacao.com\/\"><strong style=\"font-style: inherit;\">caririemacao.com<\/strong><\/a><strong style=\"font-style: inherit;\">, siga nossa p\u00e1gina no\u00a0<\/strong><a style=\"font-style: inherit; font-weight: inherit;\" href=\"https:\/\/www.facebook.com\/CaririEmAcao\/?ref=aymt_homepage_panel\"><strong style=\"font-style: inherit;\">Facebook<\/strong><\/a>,<strong style=\"font-style: inherit;\">\u00a0<\/strong><a style=\"font-style: inherit; font-weight: inherit;\" href=\"https:\/\/www.instagram.com\/cariri_em_acao\/?hl=pt-br\"><strong style=\"font-style: inherit;\">Instagram<\/strong><\/a><strong style=\"font-style: inherit;\">\u00a0e\u00a0<\/strong><a style=\"font-style: inherit; font-weight: inherit;\" href=\"https:\/\/www.youtube.com\/channel\/UCAptA0jQuYQy8vMhLt2m4qg\"><strong style=\"font-style: inherit;\">Youtube<\/strong><\/a><strong style=\"font-style: inherit;\">\u00a0e veja nossas mat\u00e9rias, v\u00eddeos e fotos. Voc\u00ea tamb\u00e9m pode enviar informa\u00e7\u00f5es \u00e0 Reda\u00e7\u00e3o do Portal Cariri em A\u00e7\u00e3o pelo WhatsApp (83) 9 9634.5791, (83) 9 9601-1162.<\/strong><\/p>\n<p>&nbsp;<\/p>\n","protected":false},"excerpt":{"rendered":"<p>O governo desistiu de modificar a regra que limita o endividamento p\u00fablico. De acordo com os ministros da Fazenda, Henrique Meirelles, e do Planejamento, Dyogo&hellip; <\/p>\n","protected":false},"author":2,"featured_media":36636,"comment_status":"closed","ping_status":"closed","sticky":false,"template":"","format":"standard","meta":{"sfsi_plus_gutenberg_text_before_share":"","sfsi_plus_gutenberg_show_text_before_share":"","sfsi_plus_gutenberg_icon_type":"","sfsi_plus_gutenberg_icon_alignemt":"","sfsi_plus_gutenburg_max_per_row":"","footnotes":""},"categories":[11],"tags":[],"class_list":["post-36635","post","type-post","status-publish","format-standard","has-post-thumbnail","hentry","category-politica"],"_links":{"self":[{"href":"https:\/\/www.caririemacao.com\/1\/wp-json\/wp\/v2\/posts\/36635","targetHints":{"allow":["GET"]}}],"collection":[{"href":"https:\/\/www.caririemacao.com\/1\/wp-json\/wp\/v2\/posts"}],"about":[{"href":"https:\/\/www.caririemacao.com\/1\/wp-json\/wp\/v2\/types\/post"}],"author":[{"embeddable":true,"href":"https:\/\/www.caririemacao.com\/1\/wp-json\/wp\/v2\/users\/2"}],"replies":[{"embeddable":true,"href":"https:\/\/www.caririemacao.com\/1\/wp-json\/wp\/v2\/comments?post=36635"}],"version-history":[{"count":0,"href":"https:\/\/www.caririemacao.com\/1\/wp-json\/wp\/v2\/posts\/36635\/revisions"}],"wp:featuredmedia":[{"embeddable":true,"href":"https:\/\/www.caririemacao.com\/1\/wp-json\/wp\/v2\/media\/36636"}],"wp:attachment":[{"href":"https:\/\/www.caririemacao.com\/1\/wp-json\/wp\/v2\/media?parent=36635"}],"wp:term":[{"taxonomy":"category","embeddable":true,"href":"https:\/\/www.caririemacao.com\/1\/wp-json\/wp\/v2\/categories?post=36635"},{"taxonomy":"post_tag","embeddable":true,"href":"https:\/\/www.caririemacao.com\/1\/wp-json\/wp\/v2\/tags?post=36635"}],"curies":[{"name":"wp","href":"https:\/\/api.w.org\/{rel}","templated":true}]}}