{"id":36640,"date":"2018-01-08T21:31:29","date_gmt":"2018-01-09T00:31:29","guid":{"rendered":"http:\/\/caririemacao.com\/1\/?p=36640"},"modified":"2018-01-08T21:31:29","modified_gmt":"2018-01-09T00:31:29","slug":"vadao-convoca-selecao-que-ira-a-copa-america-de-futebol-feminino","status":"publish","type":"post","link":"https:\/\/www.caririemacao.com\/1\/2018\/01\/08\/vadao-convoca-selecao-que-ira-a-copa-america-de-futebol-feminino\/","title":{"rendered":"Vad\u00e3o convoca sele\u00e7\u00e3o que ir\u00e1 a Copa Am\u00e9rica de futebol feminino"},"content":{"rendered":"<p>O t\u00e9cnico da Sele\u00e7\u00e3o Brasileira de Futebol Feminino, Vad\u00e3o, convocou hoje (8) 17 jogadoras para a Copa Am\u00e9rica do Chile, que ocorrer\u00e1 entre 4 e 22 de abril. Segundo a Confedera\u00e7\u00e3o Brasileira de Futebol (CBF), a primeira etapa de treinamento do ano, que ser\u00e1 realizada na Granja Comary, em Teres\u00f3polis (RJ), come\u00e7a nesta quinta-feira (11) e seguir\u00e1 at\u00e9 9 de fevereiro.<\/p>\n<p>Depois de integrar, como titular, a sele\u00e7\u00e3o Sub-20 na Copa do Mundo de Papua-Nova Guin\u00e9, a zagueira Daiane Limeira ter\u00e1 sua primeira oportunidade na sele\u00e7\u00e3o principal. Outra estreia \u00e9 a da meio-campo Aline Milene.<\/p>\n<p>As outras convocadas s\u00e3o as goleiras B\u00e1rbara, Aline, Let\u00edcia Izidoro e Tain\u00e1; as laterais Rilany e Tamires; a zagueira Bruna Benites; as volantes Thaisa e Andressinha; as jogadoras de meio-campo<br \/>\nGabi Zanotti e Raquel; e as atacantes Debinha, Milene, Adriana e Bianca Gomes.<\/p>\n<p><strong>CARIRI EM A\u00c7\u00c3O<\/strong><\/p>\n<p><em>Com Ebc\/Foto: Reprodu\u00e7\u00e3o google\u00a0\u00a0<\/em><\/p>\n<p><strong>Leia mais not\u00edcias em\u00a0<\/strong><a href=\"http:\/\/www.caririemacao.com\/\"><strong>caririemacao.com<\/strong><\/a><strong>, siga nossa p\u00e1gina no\u00a0<\/strong><a href=\"https:\/\/www.facebook.com\/CaririEmAcao\/?ref=aymt_homepage_panel\"><strong>Facebook<\/strong><\/a>,<strong>\u00a0<\/strong><a href=\"https:\/\/www.instagram.com\/cariri_em_acao\/?hl=pt-br\"><strong>Instagram<\/strong><\/a><strong>\u00a0e\u00a0<\/strong><a href=\"https:\/\/www.youtube.com\/channel\/UCAptA0jQuYQy8vMhLt2m4qg\"><strong>Youtube<\/strong><\/a><strong>\u00a0e veja nossas mat\u00e9rias, v\u00eddeos e fotos. Voc\u00ea tamb\u00e9m pode enviar informa\u00e7\u00f5es \u00e0 Reda\u00e7\u00e3o do Portal Cariri em A\u00e7\u00e3o pelo WhatsApp (83) 9 9634.5791, (83) 9 9601-1162.<\/strong><\/p>\n","protected":false},"excerpt":{"rendered":"<p>O t\u00e9cnico da Sele\u00e7\u00e3o Brasileira de Futebol Feminino, Vad\u00e3o, convocou hoje (8) 17 jogadoras para a Copa Am\u00e9rica do Chile, que ocorrer\u00e1 entre 4 e&hellip; <\/p>\n","protected":false},"author":2,"featured_media":36641,"comment_status":"closed","ping_status":"closed","sticky":false,"template":"","format":"standard","meta":{"sfsi_plus_gutenberg_text_before_share":"","sfsi_plus_gutenberg_show_text_before_share":"","sfsi_plus_gutenberg_icon_type":"","sfsi_plus_gutenberg_icon_alignemt":"","sfsi_plus_gutenburg_max_per_row":"","footnotes":""},"categories":[13],"tags":[],"class_list":["post-36640","post","type-post","status-publish","format-standard","has-post-thumbnail","hentry","category-esportes"],"_links":{"self":[{"href":"https:\/\/www.caririemacao.com\/1\/wp-json\/wp\/v2\/posts\/36640","targetHints":{"allow":["GET"]}}],"collection":[{"href":"https:\/\/www.caririemacao.com\/1\/wp-json\/wp\/v2\/posts"}],"about":[{"href":"https:\/\/www.caririemacao.com\/1\/wp-json\/wp\/v2\/types\/post"}],"author":[{"embeddable":true,"href":"https:\/\/www.caririemacao.com\/1\/wp-json\/wp\/v2\/users\/2"}],"replies":[{"embeddable":true,"href":"https:\/\/www.caririemacao.com\/1\/wp-json\/wp\/v2\/comments?post=36640"}],"version-history":[{"count":0,"href":"https:\/\/www.caririemacao.com\/1\/wp-json\/wp\/v2\/posts\/36640\/revisions"}],"wp:featuredmedia":[{"embeddable":true,"href":"https:\/\/www.caririemacao.com\/1\/wp-json\/wp\/v2\/media\/36641"}],"wp:attachment":[{"href":"https:\/\/www.caririemacao.com\/1\/wp-json\/wp\/v2\/media?parent=36640"}],"wp:term":[{"taxonomy":"category","embeddable":true,"href":"https:\/\/www.caririemacao.com\/1\/wp-json\/wp\/v2\/categories?post=36640"},{"taxonomy":"post_tag","embeddable":true,"href":"https:\/\/www.caririemacao.com\/1\/wp-json\/wp\/v2\/tags?post=36640"}],"curies":[{"name":"wp","href":"https:\/\/api.w.org\/{rel}","templated":true}]}}