{"id":36643,"date":"2018-01-08T21:40:50","date_gmt":"2018-01-09T00:40:50","guid":{"rendered":"http:\/\/caririemacao.com\/1\/?p=36643"},"modified":"2018-01-08T21:40:50","modified_gmt":"2018-01-09T00:40:50","slug":"juiz-da-24-horas-para-presidio-esclarecer-condicoes-de-atendimento-a-maluf","status":"publish","type":"post","link":"https:\/\/www.caririemacao.com\/1\/2018\/01\/08\/juiz-da-24-horas-para-presidio-esclarecer-condicoes-de-atendimento-a-maluf\/","title":{"rendered":"Juiz d\u00e1 24 horas para pres\u00eddio esclarecer condi\u00e7\u00f5es de atendimento a Maluf"},"content":{"rendered":"<p>O juiz Bruno Aielo Macacari, da Vara de Execu\u00e7\u00f5es Penais (VEP) do Distrito Federal, pediu hoje (8) \u00e0 equipe m\u00e9dica do pres\u00eddio da Papuda esclarecimentos sobre as condi\u00e7\u00f5es para atendimento de sa\u00fade ao deputado Paulo Maluf (PP-SP), preso para cumprir pena definitiva de sete anos e nove meses por lavagem de dinheiro, definida no Supremo Tribunal Federal (STF).<\/p>\n<p>Com base nas informa\u00e7\u00f5es enviadas pelo pres\u00eddio, Macacari decidir\u00e1 se Maluf vai continuar preso ou poder\u00e1 cumprir pris\u00e3o domiciliar. A defesa do deputado, de 86 anos, alega que ele deve cumprir pris\u00e3o domiciliar porque sofre de c\u00e2ncer de pr\u00f3stata, problemas card\u00edacos e na coluna, al\u00e9m de h\u00e9rnia de disco.<\/p>\n<p>A decis\u00e3o foi tomada pelo juiz ap\u00f3s receber 32 novos questionamentos elaborados pelos advogados do parlamentar ao Instituto M\u00e9dico Legal (IML) de Bras\u00edlia sobre o quadro de sa\u00fade de Maluf. O magistrado concedeu prazo de 24 horas para que os m\u00e9dicos respons\u00e1veis pelo pres\u00eddio respondam aos questionamentos que \u201cn\u00e3o foram satisfatoriamente esclarecidos\u201d.<\/p>\n<p>Maluf foi condenado por receber propina em contratos p\u00fablicos com as empreiteiras Mendes J\u00fanior e OAS quando era prefeito de S\u00e3o Paulo (1993-1996). Os recursos teriam sido desviados da constru\u00e7\u00e3o da Avenida \u00c1gua Espraiada, hoje chamada Avenida Roberto Marinho. O custo total da obra foi cerca de R$ 800 milh\u00f5es.<\/p>\n<p>As investiga\u00e7\u00f5es se arrastaram por mais de dez anos, desde a instaura\u00e7\u00e3o do primeiro inqu\u00e9rito contra o ex-prefeito, ainda na primeira inst\u00e2ncia da Justi\u00e7a. Os procuradores do Minist\u00e9rio P\u00fablico estimaram em US$ 170 milh\u00f5es a movimenta\u00e7\u00e3o total de recursos il\u00edcitos. O Supremo assumiu o caso ap\u00f3s a elei\u00e7\u00e3o de Maluf como deputado federal.<\/p>\n<p><strong>CARIRI EM A\u00c7\u00c3O<\/strong><\/p>\n<p><em>Com Ebc\/Foto: Reprodu\u00e7\u00e3o google\u00a0\u00a0<\/em><\/p>\n<p><strong>Leia mais not\u00edcias em\u00a0<\/strong><a href=\"http:\/\/www.caririemacao.com\/\"><strong>caririemacao.com<\/strong><\/a><strong>, siga nossa p\u00e1gina no\u00a0<\/strong><a href=\"https:\/\/www.facebook.com\/CaririEmAcao\/?ref=aymt_homepage_panel\"><strong>Facebook<\/strong><\/a>,<strong>\u00a0<\/strong><a href=\"https:\/\/www.instagram.com\/cariri_em_acao\/?hl=pt-br\"><strong>Instagram<\/strong><\/a><strong>\u00a0e\u00a0<\/strong><a href=\"https:\/\/www.youtube.com\/channel\/UCAptA0jQuYQy8vMhLt2m4qg\"><strong>Youtube<\/strong><\/a><strong>\u00a0e veja nossas mat\u00e9rias, v\u00eddeos e fotos. Voc\u00ea tamb\u00e9m pode enviar informa\u00e7\u00f5es \u00e0 Reda\u00e7\u00e3o do Portal Cariri em A\u00e7\u00e3o pelo WhatsApp (83) 9 9634.5791, (83) 9 9601-1162.<\/strong><\/p>\n","protected":false},"excerpt":{"rendered":"<p>O juiz Bruno Aielo Macacari, da Vara de Execu\u00e7\u00f5es Penais (VEP) do Distrito Federal, pediu hoje (8) \u00e0 equipe m\u00e9dica do pres\u00eddio da Papuda esclarecimentos&hellip; <\/p>\n","protected":false},"author":2,"featured_media":36644,"comment_status":"closed","ping_status":"closed","sticky":false,"template":"","format":"standard","meta":{"sfsi_plus_gutenberg_text_before_share":"","sfsi_plus_gutenberg_show_text_before_share":"","sfsi_plus_gutenberg_icon_type":"","sfsi_plus_gutenberg_icon_alignemt":"","sfsi_plus_gutenburg_max_per_row":"","footnotes":""},"categories":[2],"tags":[],"class_list":["post-36643","post","type-post","status-publish","format-standard","has-post-thumbnail","hentry","category-geral"],"_links":{"self":[{"href":"https:\/\/www.caririemacao.com\/1\/wp-json\/wp\/v2\/posts\/36643","targetHints":{"allow":["GET"]}}],"collection":[{"href":"https:\/\/www.caririemacao.com\/1\/wp-json\/wp\/v2\/posts"}],"about":[{"href":"https:\/\/www.caririemacao.com\/1\/wp-json\/wp\/v2\/types\/post"}],"author":[{"embeddable":true,"href":"https:\/\/www.caririemacao.com\/1\/wp-json\/wp\/v2\/users\/2"}],"replies":[{"embeddable":true,"href":"https:\/\/www.caririemacao.com\/1\/wp-json\/wp\/v2\/comments?post=36643"}],"version-history":[{"count":0,"href":"https:\/\/www.caririemacao.com\/1\/wp-json\/wp\/v2\/posts\/36643\/revisions"}],"wp:featuredmedia":[{"embeddable":true,"href":"https:\/\/www.caririemacao.com\/1\/wp-json\/wp\/v2\/media\/36644"}],"wp:attachment":[{"href":"https:\/\/www.caririemacao.com\/1\/wp-json\/wp\/v2\/media?parent=36643"}],"wp:term":[{"taxonomy":"category","embeddable":true,"href":"https:\/\/www.caririemacao.com\/1\/wp-json\/wp\/v2\/categories?post=36643"},{"taxonomy":"post_tag","embeddable":true,"href":"https:\/\/www.caririemacao.com\/1\/wp-json\/wp\/v2\/tags?post=36643"}],"curies":[{"name":"wp","href":"https:\/\/api.w.org\/{rel}","templated":true}]}}