{"id":36646,"date":"2018-01-08T21:45:47","date_gmt":"2018-01-09T00:45:47","guid":{"rendered":"http:\/\/caririemacao.com\/1\/?p=36646"},"modified":"2018-01-08T21:45:47","modified_gmt":"2018-01-09T00:45:47","slug":"tst-mantem-regra-trabalhista-que-permite-demissao-sem-aval-de-sindicato","status":"publish","type":"post","link":"https:\/\/www.caririemacao.com\/1\/2018\/01\/08\/tst-mantem-regra-trabalhista-que-permite-demissao-sem-aval-de-sindicato\/","title":{"rendered":"TST mant\u00e9m regra trabalhista que permite demiss\u00e3o sem aval de sindicato"},"content":{"rendered":"<p>O presidente do Tribunal Superior do Trabalho (TST), ministro Ives Gandra Martins, decidiu hoje (8) manter a demiss\u00e3o em massa de cerca de 150 professores do Centro Universit\u00e1rio UniRitter\/Laureate, que atua no Rio Grande do Sul. Na decis\u00e3o, o ministro reformou senten\u00e7a proferida pela primeira inst\u00e2ncia e manteve v\u00e1lida a norma da reforma trabalhista que dispensa autoriza\u00e7\u00e3o pr\u00e9via dos sindicatos para efetiva\u00e7\u00e3o de demiss\u00f5es.<\/p>\n<p>Ao aceitar recurso protocolado pela universidade privada, o ministro entendeu que a decis\u00e3o proferida pela Justi\u00e7a do Trabalho de Porto Alegre que impediu as demiss\u00f5es \u00e9 ilegal. \u201cImpedir institui\u00e7\u00e3o de ensino de realizar demiss\u00f5es nas janelas de julho e dezembro, louvando-se exclusivamente no fato do n\u00famero de demiss\u00f5es realizadas, ao arrepio da lei e do princ\u00edpio da legalidade, recomenda a interven\u00e7\u00e3o da Corregedoria-Geral da Justi\u00e7a do Trabalho\u201d, decidiu Gandra.<\/p>\n<p>Em nota, o Sindicato dos Professores do estado informou que vai tomar as medidas cab\u00edveis para derrubar a decis\u00e3o do ministro e defendeu um processo de negocia\u00e7\u00e3o para solucionar o impasse. A universidade declarou que est\u00e1 &#8220;absolutamente segura&#8221; quanto a ilegalidade das decis\u00f5es e disse que suas a\u00e7\u00f5es foram realizadas em conformidade com suas diretrizes de gest\u00e3o.<\/p>\n<p><strong>CARIRI EM A\u00c7\u00c3O<\/strong><\/p>\n<p><em>Com Ebc\/Foto: Reprodu\u00e7\u00e3o google\u00a0\u00a0<\/em><\/p>\n<p><strong>Leia mais not\u00edcias em\u00a0<\/strong><a href=\"http:\/\/www.caririemacao.com\/\"><strong>caririemacao.com<\/strong><\/a><strong>, siga nossa p\u00e1gina no\u00a0<\/strong><a href=\"https:\/\/www.facebook.com\/CaririEmAcao\/?ref=aymt_homepage_panel\"><strong>Facebook<\/strong><\/a>,<strong>\u00a0<\/strong><a href=\"https:\/\/www.instagram.com\/cariri_em_acao\/?hl=pt-br\"><strong>Instagram<\/strong><\/a><strong>\u00a0e\u00a0<\/strong><a href=\"https:\/\/www.youtube.com\/channel\/UCAptA0jQuYQy8vMhLt2m4qg\"><strong>Youtube<\/strong><\/a><strong>\u00a0e veja nossas mat\u00e9rias, v\u00eddeos e fotos. Voc\u00ea tamb\u00e9m pode enviar informa\u00e7\u00f5es \u00e0 Reda\u00e7\u00e3o do Portal Cariri em A\u00e7\u00e3o pelo WhatsApp (83) 9 9634.5791, (83) 9 9601-1162.<\/strong><\/p>\n","protected":false},"excerpt":{"rendered":"<p>O presidente do Tribunal Superior do Trabalho (TST), ministro Ives Gandra Martins, decidiu hoje (8) manter a demiss\u00e3o em massa de cerca de 150 professores&hellip; <\/p>\n","protected":false},"author":2,"featured_media":36647,"comment_status":"closed","ping_status":"closed","sticky":false,"template":"","format":"standard","meta":{"sfsi_plus_gutenberg_text_before_share":"","sfsi_plus_gutenberg_show_text_before_share":"","sfsi_plus_gutenberg_icon_type":"","sfsi_plus_gutenberg_icon_alignemt":"","sfsi_plus_gutenburg_max_per_row":"","footnotes":""},"categories":[2],"tags":[],"class_list":["post-36646","post","type-post","status-publish","format-standard","has-post-thumbnail","hentry","category-geral"],"_links":{"self":[{"href":"https:\/\/www.caririemacao.com\/1\/wp-json\/wp\/v2\/posts\/36646","targetHints":{"allow":["GET"]}}],"collection":[{"href":"https:\/\/www.caririemacao.com\/1\/wp-json\/wp\/v2\/posts"}],"about":[{"href":"https:\/\/www.caririemacao.com\/1\/wp-json\/wp\/v2\/types\/post"}],"author":[{"embeddable":true,"href":"https:\/\/www.caririemacao.com\/1\/wp-json\/wp\/v2\/users\/2"}],"replies":[{"embeddable":true,"href":"https:\/\/www.caririemacao.com\/1\/wp-json\/wp\/v2\/comments?post=36646"}],"version-history":[{"count":0,"href":"https:\/\/www.caririemacao.com\/1\/wp-json\/wp\/v2\/posts\/36646\/revisions"}],"wp:featuredmedia":[{"embeddable":true,"href":"https:\/\/www.caririemacao.com\/1\/wp-json\/wp\/v2\/media\/36647"}],"wp:attachment":[{"href":"https:\/\/www.caririemacao.com\/1\/wp-json\/wp\/v2\/media?parent=36646"}],"wp:term":[{"taxonomy":"category","embeddable":true,"href":"https:\/\/www.caririemacao.com\/1\/wp-json\/wp\/v2\/categories?post=36646"},{"taxonomy":"post_tag","embeddable":true,"href":"https:\/\/www.caririemacao.com\/1\/wp-json\/wp\/v2\/tags?post=36646"}],"curies":[{"name":"wp","href":"https:\/\/api.w.org\/{rel}","templated":true}]}}