{"id":36652,"date":"2018-01-09T08:43:41","date_gmt":"2018-01-09T11:43:41","guid":{"rendered":"http:\/\/caririemacao.com\/1\/?p=36652"},"modified":"2018-01-09T08:43:41","modified_gmt":"2018-01-09T11:43:41","slug":"justica-aprova-plano-de-recuperacao-judicial-da-oi","status":"publish","type":"post","link":"https:\/\/www.caririemacao.com\/1\/2018\/01\/09\/justica-aprova-plano-de-recuperacao-judicial-da-oi\/","title":{"rendered":"Justi\u00e7a aprova plano de recupera\u00e7\u00e3o judicial da Oi"},"content":{"rendered":"<div class=\"mc-column\">\n<div class=\"content-publication-data\">\n<p class=\"content-publication-data__updated\">A Justi\u00e7a do Rio de Janeiro aprovou nesta segunda-feira (8) o\u00a0plano de recupera\u00e7\u00e3o judicial da Oi aprovado no final do ano passado\u00a0pela assembleia de credores da operadora.<\/p>\n<\/div>\n<\/div>\n<div class=\"mc-article-body\">\n<article>\n<div class=\"mc-column content-text active-extra-styles \" data-block-type=\"unstyled\" data-block-weight=\"63\" data-block-id=\"2\">\n<p class=\"content-text__container \" data-track-category=\"Link no Texto\" data-track-links=\"\">Embora tenha dado sinal verde para a aplica\u00e7\u00e3o do plano, o juiz respons\u00e1vel pelo processo aprovou os termos da reestrutura\u00e7\u00e3o com algumas ressalvas, entre elas a invalida\u00e7\u00e3o de anexo que previa o reembolso &#8220;de despesas incorridas pelos credores na busca pela satisfa\u00e7\u00e3o de seus cr\u00e9ditos&#8221; e a extens\u00e3o do pagamento de comiss\u00e3o prevista em capitaliza\u00e7\u00e3o futura &#8220;a todos os credores nas mesmas condi\u00e7\u00f5es&#8221;.<\/p>\n<\/div>\n<div class=\"mc-column content-media content-media--normal  content-photo\" data-block-type=\"backstage-photo\" data-block-id=\"3\">\n<div class=\"content-media__container\">\n<div class=\"content-media__image-centered\">\n<div class=\"progressive-img can-open-lightbox\" data-min-size=\"1008x571\" data-min-size-url=\"https:\/\/s2.glbimg.com\/xEnv-BAHLq3-bnL_-3dOLH2QJE4=\/0x0:3500x1986\/1008x0\/smart\/filters:strip_icc()\/i.s3.glbimg.com\/v1\/AUTH_59edd422c0c84a879bd37670ae4f538a\/internal_photos\/bs\/2017\/J\/y\/DYdO3wRXKfIvvD4KwTFA\/2017-12-19t143415z-1086023548-rc16fdc9df00-rtrmadp-3-oi-sa-restructuring.jpg\" data-max-size=\"1600x907\" data-max-size-url=\"https:\/\/s2.glbimg.com\/48j2YBh32gtwzh4226Ft9rjy-T8=\/0x0:3500x1986\/1600x0\/smart\/filters:strip_icc()\/i.s3.glbimg.com\/v1\/AUTH_59edd422c0c84a879bd37670ae4f538a\/internal_photos\/bs\/2017\/J\/y\/DYdO3wRXKfIvvD4KwTFA\/2017-12-19t143415z-1086023548-rc16fdc9df00-rtrmadp-3-oi-sa-restructuring.jpg\" data-media-index=\"0\"><\/div>\n<\/div>\n<div class=\"content-media__description-centered \">\n<p class=\"content-media__description\">\n<\/div>\n<\/div>\n<\/div>\n<div class=\"mc-column content-text active-extra-styles \" data-block-type=\"unstyled\" data-block-weight=\"56\" data-block-id=\"4\">\n<p class=\"content-text__container \" data-track-category=\"Link no Texto\" data-track-links=\"\">&#8220;Eesclare\u00e7o que a vontade soberana dos credores deve ser integralmente respeitada, sendo at\u00e9 mesmo vedada a pr\u00e1tica de qualquer ato &#8211; seja por acionista, membro do conselho ou administrador da companhia &#8211; que tenha o fim de inviabilizar o cumprimento do plano de recupera\u00e7\u00e3o aprovado&#8221;, destacou o juiz Fernando Cesar Ferreira Viana, da 7\u00aa Vara Empresarial.<\/p>\n<\/div>\n<div class=\"mc-column content-text active-extra-styles \" data-block-type=\"unstyled\" data-block-weight=\"47\" data-block-id=\"5\">\n<p class=\"content-text__container \" data-track-category=\"Link no Texto\" data-track-links=\"\">Na senten\u00e7a, o juiz destacou ainda que cabe ao presidente do Conselho de Administra\u00e7\u00e3o da Oi &#8220;dar imediato e efetivo cumprimento ao plano aprovado, t\u00e3o logo homologado, assegurando, dentre outras, as condi\u00e7\u00f5es provis\u00f3rias de governan\u00e7a corporativa e convers\u00e3o de d\u00edvida em a\u00e7\u00f5es, conforme manifesta\u00e7\u00e3o soberana dos credores&#8221;.<\/p>\n<\/div>\n<div class=\"mc-column content-text active-extra-styles \" data-block-type=\"unstyled\" data-block-weight=\"9\" data-block-id=\"6\">\n<p class=\"content-text__container \" data-track-category=\"Link no Texto\" data-track-links=\"\"><strong>Veja os principais pontos do novo plano de recupera\u00e7\u00e3o:<\/strong><\/p>\n<\/div>\n<div class=\"mc-column content-text active-extra-styles\" data-block-type=\"raw\" data-block-weight=\"164\" data-block-id=\"7\">\n<ul class=\"content-unordered-list\">\n<li>convers\u00e3o da d\u00edvida at\u00e9 o limite de 75% do capital da operadora, permitindo que a Oi seja efetivamente adquirida pelos credores.<\/li>\n<li>redu\u00e7\u00e3o da d\u00edvida financeira em cerca de 50%, de R$ 49,4 bilh\u00f5es para R$ 23,9 bilh\u00f5es.<\/li>\n<li>aporte de R$ 4 bilh\u00f5es de recursos novos por credores e acionistas e possibilidade de capitaliza\u00e7\u00e3o de R$ 2,5 bilh\u00f5es adicionais via mercado de capitais.<\/li>\n<li>comiss\u00e3o aos credores e acionistas que participarem da capitaliza\u00e7\u00e3o no percentual de 8% em dinheiro ou 10% em a\u00e7\u00f5es.<\/li>\n<li>pagamento da d\u00edvida com a Anatel em 20 anos, em parcelamento indexado \u00e0 Selic e n\u00e3o mais pelo IPCA.<\/li>\n<li>pagamento das d\u00edvidas trabalhistas em 5 parcelas mensais, ap\u00f3s 6 meses de car\u00eancia<\/li>\n<li>pagamento da d\u00edvida com o BNDES em 15 anos, ap\u00f3s 6 anos de car\u00eancia, com taxa de juros inxexada em TJLP + 2.94% ao ano.<\/li>\n<li>pagamento da d\u00edvida com bancos em 17 anos, ap\u00f3s 5 anos de car\u00eancia, com taxa de juros de at\u00e9 1,75% ao ano para d\u00edvida em d\u00f3lar.<\/li>\n<\/ul>\n<\/div>\n<div class=\"content-ads content-ads--reveal\" data-block-type=\"ads\" data-block-id=\"8\">\n<div id=\"banner_materia2\" class=\"tag-manager-publicidade-container has-reveal has-ad-lazyload tag-manager-publicidade-banner_materia2 tag-manager-publicidade-container--carregado tag-manager-publicidade-container--visivel\" data-id=\"banner_materia2\" data-google-query-id=\"CMiR5Y3kytgCFRYtHwodPkQG7Q\" data-cid=\"138221315743\" data-lid=\"4533856064\">\n<div id=\"google_ads_iframe_\/95377733\/tvg_G1\/Economia_2__container__\">Tamb\u00e9m nesta segunda-feira (8), o grupo portugu\u00eas Pharol, maior acionista do grupo em recupera\u00e7\u00e3o judicial,\u00a0convocou uma assembleia extraordin\u00e1ria de acionistas\u00a0da operadora brasileira para 7 de fevereiro, afirmando que a aprova\u00e7\u00e3o de plano de recupera\u00e7\u00e3o da empresa violou as regras da companhia.<\/div>\n<\/div>\n<\/div>\n<div class=\"mc-column content-text active-extra-styles \" data-block-type=\"unstyled\" data-block-weight=\"62\" data-block-id=\"10\">\n<p class=\"content-text__container \" data-track-category=\"Link no Texto\" data-track-links=\"\">&#8220;A Pharol entende que o plano de RJ n\u00e3o est\u00e1 em conformidade com a governan\u00e7a estabelecida no estatuto social da Oi em vigor, em oposi\u00e7\u00e3o direta aos direitos dos acionistas&#8221;, afirmou o grupo portugu\u00eas. A participa\u00e7\u00e3o detida pela Pharol na Oi, de 27,5% das a\u00e7\u00f5es ordin\u00e1rias da operadora, \u00e9 oriunda da fracassada fus\u00e3o da companhia brasileira com a Portugal Telecom em 2014.<\/p>\n<\/div>\n<div class=\"mc-column content-text active-extra-styles\" data-block-type=\"raw\" data-block-weight=\"3\" data-block-id=\"11\">\n<div class=\"content-intertitle\">\n<p><strong>Aprova\u00e7\u00e3o do plano<\/strong><\/p>\n<\/div>\n<\/div>\n<div class=\"mc-column content-text active-extra-styles \" data-block-type=\"unstyled\" data-block-weight=\"33\" data-block-id=\"12\">\n<p class=\"content-text__container \" data-track-category=\"Link no Texto\" data-track-links=\"\">Em dezembro do ano passado, os credores da Oi\u00a0aprovaram o plano de recupera\u00e7\u00e3o judicial da empresa, considerado uma etapa essencial para evitar a fal\u00eancia ou a interven\u00e7\u00e3o do governo federal na Oi.<\/p>\n<\/div>\n<div class=\"mc-column content-text active-extra-styles \" data-block-type=\"unstyled\" data-block-weight=\"48\" data-block-id=\"13\">\n<p class=\"content-text__container \" data-track-category=\"Link no Texto\" data-track-links=\"\">A Oi tem d\u00edvidas de mais de R$ 64 bilh\u00f5es e 55 mil credores, que incluem detentores de t\u00edtulos de longo prazo da empresa (os chamados bondholders), al\u00e9m de representantes de \u00f3rg\u00e3os e inst\u00e2ncias do governo federal como Ag\u00eancia Nacional de Telecomunica\u00e7\u00f5es, Banco do Brasil, Caixa e BNDES.<\/p>\n<\/div>\n<div class=\"mc-column content-text active-extra-styles \" data-block-type=\"unstyled\" data-block-weight=\"40\" data-block-id=\"15\">\n<p class=\"content-text__container \" data-track-category=\"Link no Texto\" data-track-links=\"\">Caso a assembleia rejeitasse o plano de recupera\u00e7\u00e3o, o futuro da operadora estaria amea\u00e7ado por um processo de fal\u00eancia. Com a aprova\u00e7\u00e3o, uma inje\u00e7\u00e3o de capital de R$ 4 bilh\u00f5es poder\u00e1 ser feita na operadora at\u00e9 o in\u00edcio de 2019.<\/p>\n<\/div>\n<div class=\"mc-column content-text active-extra-styles \" data-block-type=\"unstyled\" data-block-weight=\"29\" data-block-id=\"16\">\n<p class=\"content-text__container \" data-track-category=\"Link no Texto\" data-track-links=\"\">A nova vers\u00e3o do plano combinada na assembleia ajustou taxas de juros e incluiu prazo limite de 28 de fevereiro de 2019 para esse aumento de capital na empresa.<\/p>\n<\/div>\n<div class=\"mc-column content-text active-extra-styles \" data-block-type=\"unstyled\" data-block-weight=\"56\" data-block-id=\"17\">\n<p class=\"content-text__container \" data-track-category=\"Link no Texto\" data-track-links=\"\">Al\u00e9m disso, incluiu-se determina\u00e7\u00e3o para que no primeiro ano ap\u00f3s a homologa\u00e7\u00e3o da recupera\u00e7\u00e3o judicial a diretoria executiva seja mantida na forma atual, mas a partir da\u00ed haver\u00e1 uma transi\u00e7\u00e3o na gest\u00e3o a ser definida pelo conselho de administra\u00e7\u00e3o transit\u00f3rio formado por seis integrantes do conselho atual e 3 indicados por credores com aprova\u00e7\u00e3o pela Anatel.<\/p>\n<\/div>\n<div class=\"mc-column content-text active-extra-styles \" data-block-type=\"unstyled\" data-block-weight=\"58\" data-block-id=\"19\">\n<p class=\"content-text__container \" data-track-category=\"Link no Texto\" data-track-links=\"\">A aprova\u00e7\u00e3o do plano, no maior processo de recupera\u00e7\u00e3o judicial da hist\u00f3ria da Am\u00e9rica Latina, encerrou uma saga de 18 meses marcada por idas e vindas entre acionistas interessados em manter controle sobre a maior parte poss\u00edvel da operadora e credores que acabaram reduzindo sua oferta de convers\u00e3o das d\u00edvidas de 85% para 75% do capital da companhia.<\/p>\n<\/div>\n<div data-track-category=\"fim do conteudo\" data-track-action=\"ultimo chunk conteudo\" data-track-noninteraction=\"false\" data-track-scroll=\"entrada completa viewport\">\n<div class=\"mc-column content-text active-extra-styles \" data-block-type=\"unstyled\" data-block-weight=\"24\" data-block-id=\"20\">\n<p class=\"content-text__container \" data-track-category=\"Link no Texto\" data-track-links=\"\">Antes da aprova\u00e7\u00e3o, houve sucessivos adiamentos da assembleia de credores, diante de um impasse entre os acionistas da companhia e os donos da d\u00edvida.<\/p>\n<\/div>\n<\/div>\n<\/article>\n<div class=\"mc-column entities\"><strong>CARIRI EM A\u00c7\u00c3O<\/strong><em>Com G1 \/Foto: Reprodu\u00e7\u00e3o Internet\u00a0\u00a0<\/em><\/p>\n<p><strong>Leia mais not\u00edcias em\u00a0<\/strong><a href=\"http:\/\/www.caririemacao.com\/\"><strong>caririemacao.com<\/strong><\/a><strong>, siga nossa p\u00e1gina no\u00a0<\/strong><a href=\"https:\/\/www.facebook.com\/CaririEmAcao\/?ref=aymt_homepage_panel\"><strong>Facebook<\/strong><\/a>,<strong>\u00a0<\/strong><a href=\"https:\/\/www.instagram.com\/cariri_em_acao\/?hl=pt-br\"><strong>Instagram<\/strong><\/a><strong>\u00a0e <\/strong><a href=\"https:\/\/www.youtube.com\/channel\/UCAptA0jQuYQy8vMhLt2m4qg\"><strong>Youtube<\/strong><\/a><strong>\u00a0e veja nossas mat\u00e9rias, v\u00eddeos e fotos. Voc\u00ea tamb\u00e9m pode enviar informa\u00e7\u00f5es \u00e0 Reda\u00e7\u00e3o do Portal Cariri em A\u00e7\u00e3o pelo WhatsApp (83) 9 9634.5791, (83) 9 9601-1162.<\/strong><\/p>\n<\/div>\n<\/div>\n","protected":false},"excerpt":{"rendered":"<p>A Justi\u00e7a do Rio de Janeiro aprovou nesta segunda-feira (8) o\u00a0plano de recupera\u00e7\u00e3o judicial da Oi aprovado no final do ano passado\u00a0pela assembleia de credores&hellip; <\/p>\n","protected":false},"author":2,"featured_media":36654,"comment_status":"closed","ping_status":"closed","sticky":false,"template":"","format":"standard","meta":{"sfsi_plus_gutenberg_text_before_share":"","sfsi_plus_gutenberg_show_text_before_share":"","sfsi_plus_gutenberg_icon_type":"","sfsi_plus_gutenberg_icon_alignemt":"","sfsi_plus_gutenburg_max_per_row":"","footnotes":""},"categories":[2],"tags":[],"class_list":["post-36652","post","type-post","status-publish","format-standard","has-post-thumbnail","hentry","category-geral"],"_links":{"self":[{"href":"https:\/\/www.caririemacao.com\/1\/wp-json\/wp\/v2\/posts\/36652","targetHints":{"allow":["GET"]}}],"collection":[{"href":"https:\/\/www.caririemacao.com\/1\/wp-json\/wp\/v2\/posts"}],"about":[{"href":"https:\/\/www.caririemacao.com\/1\/wp-json\/wp\/v2\/types\/post"}],"author":[{"embeddable":true,"href":"https:\/\/www.caririemacao.com\/1\/wp-json\/wp\/v2\/users\/2"}],"replies":[{"embeddable":true,"href":"https:\/\/www.caririemacao.com\/1\/wp-json\/wp\/v2\/comments?post=36652"}],"version-history":[{"count":0,"href":"https:\/\/www.caririemacao.com\/1\/wp-json\/wp\/v2\/posts\/36652\/revisions"}],"wp:featuredmedia":[{"embeddable":true,"href":"https:\/\/www.caririemacao.com\/1\/wp-json\/wp\/v2\/media\/36654"}],"wp:attachment":[{"href":"https:\/\/www.caririemacao.com\/1\/wp-json\/wp\/v2\/media?parent=36652"}],"wp:term":[{"taxonomy":"category","embeddable":true,"href":"https:\/\/www.caririemacao.com\/1\/wp-json\/wp\/v2\/categories?post=36652"},{"taxonomy":"post_tag","embeddable":true,"href":"https:\/\/www.caririemacao.com\/1\/wp-json\/wp\/v2\/tags?post=36652"}],"curies":[{"name":"wp","href":"https:\/\/api.w.org\/{rel}","templated":true}]}}