{"id":36653,"date":"2018-01-09T08:45:27","date_gmt":"2018-01-09T11:45:27","guid":{"rendered":"http:\/\/caririemacao.com\/1\/?p=36653"},"modified":"2018-01-09T08:45:27","modified_gmt":"2018-01-09T11:45:27","slug":"agu-diz-que-recorreu-contra-suspensao-da-posse-de-cristiane-brasil-no-trabalho","status":"publish","type":"post","link":"https:\/\/www.caririemacao.com\/1\/2018\/01\/09\/agu-diz-que-recorreu-contra-suspensao-da-posse-de-cristiane-brasil-no-trabalho\/","title":{"rendered":"AGU diz que recorreu contra suspens\u00e3o da posse de Cristiane Brasil no Trabalho"},"content":{"rendered":"<article>\n<div class=\"mc-column content-media content-media--normal  content-photo\" data-block-type=\"backstage-photo\" data-block-id=\"0\">\n<div class=\"content-media__container\">\n<div class=\"content-media__description-centered \"><\/div>\n<\/div>\n<\/div>\n<div class=\"mc-column mc-side-item__container\" data-block-type=\"ads\" data-block-id=\"1\">\n<div class=\"mc-side-item mc-side-item--right content-ads content-ads--side-ad\">\n<div id=\"banner_materia1\" class=\"tag-manager-publicidade-container tag-manager-publicidade-banner_materia1 tag-manager-publicidade-container--carregado tag-manager-publicidade-container--visivel\" data-google-query-id=\"CO6Ti-LlytgCFREVhgod0Z0EYA\" data-cid=\"138222122139\" data-lid=\"4542264166\">\n<div id=\"google_ads_iframe_\/95377733\/tvg_G1\/Politica_1__container__\">A Advocacia-Geral da Uni\u00e3o (AGU) informou na noite desta segunda-feira (8) que entrou com um recurso contra a suspens\u00e3o da posse da deputada federal Cristiane Brasil (PTB-RJ) como ministra do Trabalho.<\/div>\n<\/div>\n<\/div>\n<\/div>\n<div class=\"mc-column content-text active-extra-styles \" data-block-type=\"unstyled\" data-block-weight=\"18\" data-block-id=\"3\">\n<p class=\"content-text__container \" data-track-category=\"Link no Texto\" data-track-links=\"\">De acordo com o \u00f3rg\u00e3o, o recurso foi protocolado junto ao Tribunal Regional Federal da 2\u00aa Regi\u00e3o (TRF-2).<\/p>\n<\/div>\n<div class=\"mc-column content-text active-extra-styles \" data-block-type=\"unstyled\" data-block-weight=\"38\" data-block-id=\"4\">\n<p class=\"content-text__container \" data-track-category=\"Link no Texto\" data-track-links=\"\">Mais cedo, o juiz Leonardo da Costa Couceiro, da 4\u00aa Vara Federal Criminal de Niter\u00f3i,\u00a0suspendeu, de forma liminar (provis\u00f3ria), a posse da deputada. Com isso, a cerim\u00f4nia de posse, prevista para esta ter\u00e7a (9), n\u00e3o dever\u00e1 ocorrer.<\/p>\n<\/div>\n<div class=\"mc-column content-text active-extra-styles \" data-block-type=\"unstyled\" data-block-weight=\"44\" data-block-id=\"5\">\n<p class=\"content-text__container \" data-track-category=\"Link no Texto\" data-track-links=\"\">A decis\u00e3o judicial veio ap\u00f3s a den\u00fancia de que Cristiane Brasil\u00a0foi condenada a pagar R$ 60 mil por d\u00edvidas trabalhistas com dois ex-motoristas. Al\u00e9m de suspender a posse, o juiz tamb\u00e9m fixou multa de R$ 500 mil em caso de descumprimento da liminar.<\/p>\n<\/div>\n<div class=\"mc-column content-text active-extra-styles \" data-block-type=\"unstyled\" data-block-weight=\"38\" data-block-id=\"6\">\n<p class=\"content-text__container \" data-track-category=\"Link no Texto\" data-track-links=\"\">Em sua decis\u00e3o, o magistrado destaca que decidiu conceder a liminar sem ouvir os demais envolvidos &#8220;encontra-se justificado diante da gravidade dos fatos sob an\u00e1lise&#8221; e que a nomea\u00e7\u00e3o de Cristiane Brasil fere o princ\u00edpio da moralidade administrativa.<\/p>\n<\/div>\n<div class=\"mc-column content-text active-extra-styles \" data-block-type=\"unstyled\" data-block-weight=\"51\" data-block-id=\"7\">\n<p class=\"content-text__container \" data-track-category=\"Link no Texto\" data-track-links=\"\">&#8220;Em exame ainda que perfunct\u00f3rio, este magistrado vislumbra fragrante desrespeito \u00e0 Constitui\u00e7\u00e3o Federal no que se refere \u00e0 moralidade administrativa, (&#8230;) quando se pretende nomear para um cargo de tamanha magnitude, Ministro do Trabalho, pessoa que j\u00e1 teria sido condenada em reclama\u00e7\u00f5es trabalhistas, condena\u00e7\u00f5es estas com tr\u00e2nsito em julgado&#8221;, escreveu Couceiro.<\/p>\n<\/div>\n<div data-track-category=\"fim do conteudo\" data-track-action=\"ultimo chunk conteudo\" data-track-noninteraction=\"false\" data-track-scroll=\"entrada completa viewport\">\n<div class=\"mc-column content-text active-extra-styles \" data-block-type=\"unstyled\" data-block-weight=\"15\" data-block-id=\"8\">\n<p class=\"content-text__container \" data-track-category=\"Link no Texto\" data-track-links=\"\">Ainda n\u00e3o h\u00e1 prazo para que o TRF-2 decida sobre o recurso do governo federal.<\/p>\n<p><strong>CARIRI EM A\u00c7\u00c3O<\/strong><\/p>\n<p><em>Com G1 \/Foto: Reprodu\u00e7\u00e3o Interne<\/em><\/p>\n<p><strong>Leia mais not\u00edcias em\u00a0<\/strong><a href=\"http:\/\/www.caririemacao.com\/\"><strong>caririemacao.com<\/strong><\/a><strong>, siga nossa p\u00e1gina no\u00a0<\/strong><a href=\"https:\/\/www.facebook.com\/CaririEmAcao\/?ref=aymt_homepage_panel\"><strong>Facebook<\/strong><\/a>,<strong>\u00a0<\/strong><a href=\"https:\/\/www.instagram.com\/cariri_em_acao\/?hl=pt-br\"><strong>Instagram<\/strong><\/a><strong>\u00a0e <\/strong><a href=\"https:\/\/www.youtube.com\/channel\/UCAptA0jQuYQy8vMhLt2m4qg\"><strong>Youtube<\/strong><\/a><strong>\u00a0e veja nossas mat\u00e9rias, v\u00eddeos e fotos. Voc\u00ea tamb\u00e9m pode enviar informa\u00e7\u00f5es \u00e0 Reda\u00e7\u00e3o do Portal Cariri em A\u00e7\u00e3o pelo WhatsApp (83) 9 9634.5791, (83) 9 9601-1162.<\/strong><\/p>\n<\/div>\n<\/div>\n<\/article>\n<div class=\"mc-column entities\"><\/div>\n","protected":false},"excerpt":{"rendered":"<p>A Advocacia-Geral da Uni\u00e3o (AGU) informou na noite desta segunda-feira (8) que entrou com um recurso contra a suspens\u00e3o da posse da deputada federal Cristiane&hellip; <\/p>\n","protected":false},"author":2,"featured_media":36656,"comment_status":"closed","ping_status":"closed","sticky":false,"template":"","format":"standard","meta":{"sfsi_plus_gutenberg_text_before_share":"","sfsi_plus_gutenberg_show_text_before_share":"","sfsi_plus_gutenberg_icon_type":"","sfsi_plus_gutenberg_icon_alignemt":"","sfsi_plus_gutenburg_max_per_row":"","footnotes":""},"categories":[11],"tags":[],"class_list":["post-36653","post","type-post","status-publish","format-standard","has-post-thumbnail","hentry","category-politica"],"_links":{"self":[{"href":"https:\/\/www.caririemacao.com\/1\/wp-json\/wp\/v2\/posts\/36653","targetHints":{"allow":["GET"]}}],"collection":[{"href":"https:\/\/www.caririemacao.com\/1\/wp-json\/wp\/v2\/posts"}],"about":[{"href":"https:\/\/www.caririemacao.com\/1\/wp-json\/wp\/v2\/types\/post"}],"author":[{"embeddable":true,"href":"https:\/\/www.caririemacao.com\/1\/wp-json\/wp\/v2\/users\/2"}],"replies":[{"embeddable":true,"href":"https:\/\/www.caririemacao.com\/1\/wp-json\/wp\/v2\/comments?post=36653"}],"version-history":[{"count":0,"href":"https:\/\/www.caririemacao.com\/1\/wp-json\/wp\/v2\/posts\/36653\/revisions"}],"wp:featuredmedia":[{"embeddable":true,"href":"https:\/\/www.caririemacao.com\/1\/wp-json\/wp\/v2\/media\/36656"}],"wp:attachment":[{"href":"https:\/\/www.caririemacao.com\/1\/wp-json\/wp\/v2\/media?parent=36653"}],"wp:term":[{"taxonomy":"category","embeddable":true,"href":"https:\/\/www.caririemacao.com\/1\/wp-json\/wp\/v2\/categories?post=36653"},{"taxonomy":"post_tag","embeddable":true,"href":"https:\/\/www.caririemacao.com\/1\/wp-json\/wp\/v2\/tags?post=36653"}],"curies":[{"name":"wp","href":"https:\/\/api.w.org\/{rel}","templated":true}]}}