{"id":36660,"date":"2018-01-09T08:50:58","date_gmt":"2018-01-09T11:50:58","guid":{"rendered":"http:\/\/caririemacao.com\/1\/?p=36660"},"modified":"2018-01-09T08:52:04","modified_gmt":"2018-01-09T11:52:04","slug":"sete-pessoas-sao-presas-em-campina-grande-pela-pf-por-fraudes-previdenciarias","status":"publish","type":"post","link":"https:\/\/www.caririemacao.com\/1\/2018\/01\/09\/sete-pessoas-sao-presas-em-campina-grande-pela-pf-por-fraudes-previdenciarias\/","title":{"rendered":"Sete pessoas s\u00e3o presas em Campina Grande pela PF por fraudes previdenci\u00e1rias"},"content":{"rendered":"<p>Sete mandados de pris\u00e3o est\u00e3o sendo cumpridos em Campina Grande pela Pol\u00edcia Federal na manh\u00e3 desta ter\u00e7a-feira (09) em decorr\u00eancia da Opera\u00e7\u00e3o Fanes. Outros dois mandados tamb\u00e9m foram cumpridos em Jaboat\u00e3o dos Guararapes, Pernambuco, e em Curitiba, no Paran\u00e1.<\/p>\n<p>Os alvos dos mandados de pris\u00e3o foram condenados em primeira inst\u00e2ncia pela Justi\u00e7a Federal de Campina Grande e no m\u00eas de dezembro tamb\u00e9m receberam a condena\u00e7\u00e3o em grau de recurso pelo Tribunal Regional Federal da 5\u00aa Regi\u00e3o, sediado em Pernambuco. Os envolvidos s\u00e3o acusados de integrar uma quadrilha especializada em fraudes previdenci\u00e1rias que atuou em Campina Grande entre 2013 e 2015.<\/p>\n<p>Os mandados de pris\u00e3o foram expedidos ap\u00f3s pedido do Minist\u00e9rio P\u00fablico Federal para que os condenados em segunda inst\u00e2ncia passem a cumprir suas penas provisoriamente.<\/p>\n<p>A Opera\u00e7\u00e3o Fanes desarticulou uma quadrilha que atuou em Campina Grande praticando fraudes em centenas de benef\u00edcios previdenci\u00e1rios e empr\u00e9stimos consignados. Dentre os envolvidos nas pr\u00e1ticas dos crimes tamb\u00e9m foram identificados funcion\u00e1rios p\u00fablicos.<\/p>\n<p><strong>CARIRI EM A\u00c7\u00c3O<\/strong><\/p>\n<p><em>Com ClickPb\/Foto: Reprodu\u00e7\u00e3o Internet<\/em><\/p>\n<p><strong>Leia mais not\u00edcias em\u00a0<\/strong><a href=\"http:\/\/www.caririemacao.com\/\"><strong>caririemacao.com<\/strong><\/a><strong>, siga nossa p\u00e1gina no\u00a0<\/strong><a href=\"https:\/\/www.facebook.com\/CaririEmAcao\/?ref=aymt_homepage_panel\"><strong>Facebook<\/strong><\/a>,<strong>\u00a0<\/strong><a href=\"https:\/\/www.instagram.com\/cariri_em_acao\/?hl=pt-br\"><strong>Instagram<\/strong><\/a><strong>\u00a0e <\/strong><a href=\"https:\/\/www.youtube.com\/channel\/UCAptA0jQuYQy8vMhLt2m4qg\"><strong>Youtube<\/strong><\/a><strong>\u00a0e veja nossas mat\u00e9rias, v\u00eddeos e fotos. Voc\u00ea tamb\u00e9m pode enviar informa\u00e7\u00f5es \u00e0 Reda\u00e7\u00e3o do Portal Cariri em A\u00e7\u00e3o pelo WhatsApp (83) 9 9634.5791, (83) 9 9601-1162.<\/strong><\/p>\n","protected":false},"excerpt":{"rendered":"<p>Sete mandados de pris\u00e3o est\u00e3o sendo cumpridos em Campina Grande pela Pol\u00edcia Federal na manh\u00e3 desta ter\u00e7a-feira (09) em decorr\u00eancia da Opera\u00e7\u00e3o Fanes. Outros dois&hellip; <\/p>\n","protected":false},"author":2,"featured_media":9223,"comment_status":"closed","ping_status":"closed","sticky":false,"template":"","format":"standard","meta":{"sfsi_plus_gutenberg_text_before_share":"","sfsi_plus_gutenberg_show_text_before_share":"","sfsi_plus_gutenberg_icon_type":"","sfsi_plus_gutenberg_icon_alignemt":"","sfsi_plus_gutenburg_max_per_row":"","footnotes":""},"categories":[12],"tags":[],"class_list":["post-36660","post","type-post","status-publish","format-standard","has-post-thumbnail","hentry","category-policia"],"_links":{"self":[{"href":"https:\/\/www.caririemacao.com\/1\/wp-json\/wp\/v2\/posts\/36660","targetHints":{"allow":["GET"]}}],"collection":[{"href":"https:\/\/www.caririemacao.com\/1\/wp-json\/wp\/v2\/posts"}],"about":[{"href":"https:\/\/www.caririemacao.com\/1\/wp-json\/wp\/v2\/types\/post"}],"author":[{"embeddable":true,"href":"https:\/\/www.caririemacao.com\/1\/wp-json\/wp\/v2\/users\/2"}],"replies":[{"embeddable":true,"href":"https:\/\/www.caririemacao.com\/1\/wp-json\/wp\/v2\/comments?post=36660"}],"version-history":[{"count":0,"href":"https:\/\/www.caririemacao.com\/1\/wp-json\/wp\/v2\/posts\/36660\/revisions"}],"wp:featuredmedia":[{"embeddable":true,"href":"https:\/\/www.caririemacao.com\/1\/wp-json\/wp\/v2\/media\/9223"}],"wp:attachment":[{"href":"https:\/\/www.caririemacao.com\/1\/wp-json\/wp\/v2\/media?parent=36660"}],"wp:term":[{"taxonomy":"category","embeddable":true,"href":"https:\/\/www.caririemacao.com\/1\/wp-json\/wp\/v2\/categories?post=36660"},{"taxonomy":"post_tag","embeddable":true,"href":"https:\/\/www.caririemacao.com\/1\/wp-json\/wp\/v2\/tags?post=36660"}],"curies":[{"name":"wp","href":"https:\/\/api.w.org\/{rel}","templated":true}]}}